{"id":17555,"date":"2024-02-10T11:34:34","date_gmt":"2024-02-10T14:34:34","guid":{"rendered":"https:\/\/maxradio923.com.ar\/index.php\/2024\/02\/10\/quieren-fortalecer-la-alianza-de-los-libertarios-con-el-macrismo\/"},"modified":"2024-02-10T11:34:34","modified_gmt":"2024-02-10T14:34:34","slug":"quieren-fortalecer-la-alianza-de-los-libertarios-con-el-macrismo","status":"publish","type":"post","link":"https:\/\/maxradio923.com.ar\/index.php\/2024\/02\/10\/quieren-fortalecer-la-alianza-de-los-libertarios-con-el-macrismo\/","title":{"rendered":"Quieren fortalecer la alianza de los libertarios con el macrismo"},"content":{"rendered":"<p><img decoding=\"async\" src=\"https:\/\/diariod3.com\/wp-content\/uploads\/2024\/02\/dcc100224-006f07.jpg_1536916664.webp\"\/><\/p>\n<p>Se evaluar\u00eda el ingreso de representantes del Pro al gabinete de Javier Milei.<\/p>\n<figure>\n<figure><img decoding=\"async\" src=\"https:\/\/www.diariodecuyo.com.ar\/__export\/1707524597138\/sites\/diariodecuyo\/img\/2024\/02\/09\/dcc100224-006f07.jpg_1536916664.jpg\" alt=\"En Italia. Milei y su hermana llegaron a Italia y estuvieron en el Coliseo de Roma. - Ley \u00d3mnibus\"\/><\/p>\n<p>1 de 1 | En Italia. Milei y su hermana llegaron a Italia y estuvieron en el Coliseo de Roma.<\/p>\n<\/figure>\n<\/figure>\n<p>Macristas y libertarios apoyaron ayer un posible fortalecimiento de la alianza entre el Pro y La Libertad Avanza (LLA).<\/p>\n<p>El primer paso ser\u00eda la fusi\u00f3n de los bloques de LLA y Pro en el Congreso, mientras que en una segunda etapa se evaluar\u00eda el ingreso de dirigentes del macrismo al gabinete libertario, tras el fracaso de la Ley \u00d3mnibus oficialista, que gener\u00f3 tensiones entre Javier Milei y gobiernos provinciales. Adem\u00e1s, el freno a esa iniciativa parlamentaria desat\u00f3 una incertidumbre sobre la continuidad de representantes de gobiernos locales que se desempe\u00f1an como funcionarios en el Gobierno nacional.<\/p>\n<p>En declaraciones televisivas, la ministra de Seguridad, Patricia Bullrich (PRO), dijo el jueves que \u00abse viene un nuevo redise\u00f1o pol\u00edtico. Una coalici\u00f3n entre el Pro (fundado por el expresidente Mauricio Macri) y LLA. La idea es la que tiene que regir. Estamos caminando juntos\u00bb.<\/p>\n<p>El senador nacional por Formosa Francisco Paoltroni (LLA) coincidi\u00f3 ayer con Bullrich en la necesidad de una nueva conformaci\u00f3n pol\u00edtica basada en una alianza entre el espacio gobernante y el Pro, ya que \u00abla idea tiene que regir cuando se comparte el pensamiento\u00bb.<\/p>\n<p>\u00abCoincido totalmente. La idea tiene que regir\u00bb, sostuvo ayer el senador nacional por Formosa, Francisco Paoltroni (LLA). Tambi\u00e9n respald\u00f3 la idea ayer uno de los dirigentes de mayor confianza de Macri, Guillermo Dietrich.<\/p>\n<p>Desde Italia, Milei emiti\u00f3 un comunicado por redes sociales: \u00abNo vamos a ser c\u00f3mplices del juego de los mismos par\u00e1sitos de siempre que viven a costa de los argentinos\u00bb, dijo el Presidente, tras el fracaso de la Ley \u00d3mnibus.<\/p>\n<p>La entrada <a href=\"https:\/\/diariod3.com\/quieren-fortalecer-la-alianza-de-los-libertarios-con-el-macrismo\/\" rel=\"noreferrer noopener\" target=\"_blank\">Quieren fortalecer la alianza de los libertarios con el macrismo<\/a> se public\u00f3 primero en <a href=\"https:\/\/diariod3.com\/\" rel=\"noreferrer noopener\" target=\"_blank\">DIARIO D3 NOTICIAS | SAN JUAN ARGENTINA<\/a>.<\/p>\n","protected":false},"excerpt":{"rendered":"<p>Se evaluar\u00eda el ingreso de representantes del Pro al gabinete de Javier Milei.<\/p>\n<p>1 de 1 | En Italia. Milei y su hermana llegaron a Italia y estuvieron en el Coliseo de Roma.<\/p>\n<p>Macristas y libertarios apoyaron ayer un posible fortalecimiento de la alianza entre el Pro y La Libertad Avanza (LLA).<\/p>\n<p>El primer paso ser\u00eda la fusi\u00f3n de los bloques de LLA y Pro en el Congreso, mientras que en una segunda etapa se evaluar\u00eda el ingreso de dirigentes del macrismo al gabinete libertario, tras el fracaso de la Ley \u00d3mnibus oficialista, que gener\u00f3 tensiones entre Javier Milei y gobiernos provinciales. Adem\u00e1s, el freno a esa iniciativa parlamentaria desat\u00f3 una incertidumbre sobre la continuidad de representantes de gobiernos locales que se desempe\u00f1an como funcionarios en el Gobierno nacional.<\/p>\n<p>En declaraciones televisivas, la ministra de Seguridad, Patricia Bullrich (PRO), dijo el jueves que \u00abse viene un nuevo redise\u00f1o pol\u00edtico. Una coalici\u00f3n entre el Pro (fundado por el expresidente Mauricio Macri) y L..<\/p>\n","protected":false},"author":2,"featured_media":17556,"comment_status":"","ping_status":"","sticky":false,"template":"","format":"standard","meta":{"footnotes":""},"categories":[12],"tags":[],"_links":{"self":[{"href":"https:\/\/maxradio923.com.ar\/index.php\/wp-json\/wp\/v2\/posts\/17555"}],"collection":[{"href":"https:\/\/maxradio923.com.ar\/index.php\/wp-json\/wp\/v2\/posts"}],"about":[{"href":"https:\/\/maxradio923.com.ar\/index.php\/wp-json\/wp\/v2\/types\/post"}],"author":[{"embeddable":true,"href":"https:\/\/maxradio923.com.ar\/index.php\/wp-json\/wp\/v2\/users\/2"}],"replies":[{"embeddable":true,"href":"https:\/\/maxradio923.com.ar\/index.php\/wp-json\/wp\/v2\/comments?post=17555"}],"version-history":[{"count":0,"href":"https:\/\/maxradio923.com.ar\/index.php\/wp-json\/wp\/v2\/posts\/17555\/revisions"}],"wp:featuredmedia":[{"embeddable":true,"href":"https:\/\/maxradio923.com.ar\/index.php\/wp-json\/wp\/v2\/media\/17556"}],"wp:attachment":[{"href":"https:\/\/maxradio923.com.ar\/index.php\/wp-json\/wp\/v2\/media?parent=17555"}],"wp:term":[{"taxonomy":"category","embeddable":true,"href":"https:\/\/maxradio923.com.ar\/index.php\/wp-json\/wp\/v2\/categories?post=17555"},{"taxonomy":"post_tag","embeddable":true,"href":"https:\/\/maxradio923.com.ar\/index.php\/wp-json\/wp\/v2\/tags?post=17555"}],"curies":[{"name":"wp","href":"https:\/\/api.w.org\/{rel}","templated":true}]}}