{"id":17553,"date":"2024-02-10T11:34:34","date_gmt":"2024-02-10T14:34:34","guid":{"rendered":"https:\/\/maxradio923.com.ar\/index.php\/2024\/02\/10\/royon-puso-a-disposicion-su-renuncia-y-le-deseo-el-mayor-de-los-exitos-a-milei\/"},"modified":"2024-02-10T11:34:34","modified_gmt":"2024-02-10T14:34:34","slug":"royon-puso-a-disposicion-su-renuncia-y-le-deseo-el-mayor-de-los-exitos-a-milei","status":"publish","type":"post","link":"https:\/\/maxradio923.com.ar\/index.php\/2024\/02\/10\/royon-puso-a-disposicion-su-renuncia-y-le-deseo-el-mayor-de-los-exitos-a-milei\/","title":{"rendered":"Royon puso a disposici\u00f3n su renuncia y le dese\u00f3 \u00abel mayor de los \u00e9xitos\u201d a Milei"},"content":{"rendered":"<p><img decoding=\"async\" src=\"https:\/\/diariod3.com\/wp-content\/uploads\/2024\/02\/64b05fe1c9b3e_1200.jpg\"\/><\/p>\n<p>La secretaria de Miner\u00eda, a trav\u00e9s de sus redes sociales, envi\u00f3 un mensaje de agradecimiento al Presidente y afirm\u00f3 que continuar\u00e1 trabajando por el futuro de la provincia de Salta y de la Argentina.<\/p>\n<figure><img decoding=\"async\" src=\"https:\/\/www.telam.com.ar\/thumbs\/bluesteel\/advf\/imagenes\/2023\/07\/64b05fe1c9b3e_1200.jpg\" alt=\"Foto Diego Izquierdo\"\/><figcaption>Foto: Diego Izquierdo<\/figcaption><\/figure>\n<p><strong>Flavia Royon<\/strong>, afirm\u00f3 que puso a disposici\u00f3n su renuncia a su cargo y le dese\u00f3 \u201cel mayor de los \u00e9xitos en la gesti\u00f3n\u201d al presidente, Javier Milei, luego de que el Gobierno solicitara su dimisi\u00f3n.<\/p>\n<p>\u201c<strong>Puse mi renuncia a disposici\u00f3n del se\u00f1or Presidente de la Naci\u00f3n, a qui\u00e9n le deseo el mayor de los \u00e9xitos en la gesti\u00f3n para lograr el desarrollo de nuestro pa\u00eds en general y de la miner\u00eda en particular<\/strong>\u201d, manifest\u00f3 durante la madrugada la funcionaria en su cuenta de X.<\/p>\n<p>Milei le hab\u00eda solicitado este viernes la renuncia a Royon y al titular de la Anses, Osvaldo Giordano, seg\u00fan anunci\u00f3 en el cierre de la jornada la Oficina del Presidente.<\/p>\n<p>En un comunicado, difundido en la cuenta oficial de la OPRA en X, el Gobierno remarc\u00f3 que \u00abla crisis econ\u00f3mica heredada y el momento hist\u00f3rico actual\u00bb requieren \u00abfuncionarios p\u00fablicos comprometidos con la modernizaci\u00f3n, simplificaci\u00f3n y desburocratizaci\u00f3n del Estado\u00bb.<\/p>\n<p>La oficina sostuvo sostuvo que los respectivos funcionarios que los suceder\u00e1n en esos cargos ser\u00e1n anunciados \u00aben los pr\u00f3ximos d\u00edas\u00bb.<\/p>\n<p>\u201cConvencida que es una de las actividades que permitir\u00e1 el crecimiento econ\u00f3mico y con alto impacto local, seguir\u00e9 trabajando por el futuro de mi provincia y de mi pa\u00eds\u201d, manifest\u00f3 Royon en X, en un mensaje en el cual agradeci\u00f3 \u201chaber sido convocada\u201d y en donde le dio las gracias \u201cal equipo de trabajo\u201d que la acompa\u00f1\u00f3.<\/p>\n<p>Fuentes oficiales hab\u00edan adelantado que al regreso de Milei de su gira por Israel, Italia y Ciudad del Vaticano, se efectivizar\u00eda el alejamiento del Gobierno de cuatro funcionarios nacionales que responden a los gobernadores de C\u00f3rdoba, Mart\u00edn Laryora; y de Salta, Gustavo S\u00e1enz.<\/p>\n<p>En ese sentido, se indic\u00f3 que adem\u00e1s de Royon \u2013ex funcionaria de S\u00e1enz en Salta- y Giordano, tambi\u00e9n <strong>dejar\u00edan sus cargos el secretario de Transporte, Franco Mogetta, y Daniel Tillard, uno de los directores del Banco Naci\u00f3n.<\/strong><\/p>\n<p>Royon hab\u00eda sido designada oficialmente el pasado 27 de diciembre a trav\u00e9s del Decreto 91\/2023.<\/p>\n<p>La funcionaria se desempe\u00f1\u00f3 como secretaria de Miner\u00eda y Energ\u00eda de la provincia de Salta y hab\u00eda asumido la Secretar\u00eda de Energ\u00eda en agosto de 2022, cuando Sergio Massa fue nombrado como ministro de Econom\u00eda en la anterior administraci\u00f3n nacional.<\/p>\n<p>Del mismo modo, entre 2019 y 2021 fue directora ejecutiva de Financiamiento y Promoci\u00f3n de las Inversiones de Salta.<\/p>\n<p>La entrada <a href=\"https:\/\/diariod3.com\/royon-puso-a-disposicion-su-renuncia-y-le-deseo-el-mayor-de-los-exitos-a-milei\/\" rel=\"noreferrer noopener\" target=\"_blank\">Royon puso a disposici\u00f3n su renuncia y le dese\u00f3 \u00abel mayor de los \u00e9xitos\u201d a Milei<\/a> se public\u00f3 primero en <a href=\"https:\/\/diariod3.com\/\" rel=\"noreferrer noopener\" target=\"_blank\">DIARIO D3 NOTICIAS | SAN JUAN ARGENTINA<\/a>.<\/p>\n","protected":false},"excerpt":{"rendered":"<p>La secretaria de Miner\u00eda, a trav\u00e9s de sus redes sociales, envi\u00f3 un mensaje de agradecimiento al Presidente y afirm\u00f3 que continuar\u00e1 trabajando por el futuro de la provincia de Salta y de la Argentina.<\/p>\n<p>Foto: Diego Izquierdo<br \/>\nFlavia Royon, afirm\u00f3 que puso a disposici\u00f3n su renuncia a su cargo y le dese\u00f3 \u201cel mayor de los \u00e9xitos en la gesti\u00f3n\u201d al presidente, Javier Milei, luego de que el Gobierno solicitara su dimisi\u00f3n.<\/p>\n<p>\u201cPuse mi renuncia a disposici\u00f3n del se\u00f1or Presidente de la Naci\u00f3n, a qui\u00e9n le deseo el mayor de los \u00e9xitos en la gesti\u00f3n para lograr el desarrollo de nuestro pa\u00eds en general y de la miner\u00eda en particular\u201d, manifest\u00f3 durante la madrugada la funcionaria en su cuenta de X.<\/p>\n<p>Milei le hab\u00eda solicitado este viernes la renuncia a Royon y al titular de la Anses, Osvaldo Giordano, seg\u00fan anunci\u00f3 en el cierre de la jornada la Oficina del Presidente.<\/p>\n<p>En un comunicado, difundido en la cuenta oficial de la OPRA en X, el Gobierno remarc\u00f3 que \u00abla crisis econ\u00f3mica heredada y el momento hist..<\/p>\n","protected":false},"author":2,"featured_media":17554,"comment_status":"","ping_status":"","sticky":false,"template":"","format":"standard","meta":{"footnotes":""},"categories":[12],"tags":[],"_links":{"self":[{"href":"https:\/\/maxradio923.com.ar\/index.php\/wp-json\/wp\/v2\/posts\/17553"}],"collection":[{"href":"https:\/\/maxradio923.com.ar\/index.php\/wp-json\/wp\/v2\/posts"}],"about":[{"href":"https:\/\/maxradio923.com.ar\/index.php\/wp-json\/wp\/v2\/types\/post"}],"author":[{"embeddable":true,"href":"https:\/\/maxradio923.com.ar\/index.php\/wp-json\/wp\/v2\/users\/2"}],"replies":[{"embeddable":true,"href":"https:\/\/maxradio923.com.ar\/index.php\/wp-json\/wp\/v2\/comments?post=17553"}],"version-history":[{"count":0,"href":"https:\/\/maxradio923.com.ar\/index.php\/wp-json\/wp\/v2\/posts\/17553\/revisions"}],"wp:featuredmedia":[{"embeddable":true,"href":"https:\/\/maxradio923.com.ar\/index.php\/wp-json\/wp\/v2\/media\/17554"}],"wp:attachment":[{"href":"https:\/\/maxradio923.com.ar\/index.php\/wp-json\/wp\/v2\/media?parent=17553"}],"wp:term":[{"taxonomy":"category","embeddable":true,"href":"https:\/\/maxradio923.com.ar\/index.php\/wp-json\/wp\/v2\/categories?post=17553"},{"taxonomy":"post_tag","embeddable":true,"href":"https:\/\/maxradio923.com.ar\/index.php\/wp-json\/wp\/v2\/tags?post=17553"}],"curies":[{"name":"wp","href":"https:\/\/api.w.org\/{rel}","templated":true}]}}