{"id":17551,"date":"2024-02-10T11:34:17","date_gmt":"2024-02-10T14:34:17","guid":{"rendered":"https:\/\/maxradio923.com.ar\/index.php\/2024\/02\/10\/personal-del-municipio-de-rawson-fue-capacitado-sobre-el-manejo-de-fuego-y-el-uso-de-extintores\/"},"modified":"2024-02-10T11:34:17","modified_gmt":"2024-02-10T14:34:17","slug":"personal-del-municipio-de-rawson-fue-capacitado-sobre-el-manejo-de-fuego-y-el-uso-de-extintores","status":"publish","type":"post","link":"https:\/\/maxradio923.com.ar\/index.php\/2024\/02\/10\/personal-del-municipio-de-rawson-fue-capacitado-sobre-el-manejo-de-fuego-y-el-uso-de-extintores\/","title":{"rendered":"Personal del municipio de Rawson fue capacitado sobre el manejo de fuego y el uso de extintores"},"content":{"rendered":"\n<p>Durante la jornada de este pasado viernes, el personal de la Municipalidad de la Ciudad de Rawson recibi\u00f3 una Capacitaci\u00f3n sobre Manejo del Fuego y Uso de Extintores.<\/p>\n<p>Dicha iniciativa fue organizada por \u00c1rea de Higiene y Seguridad Laboral y dictado por personal del Cuartel Rawson de Bomberos de la Provincia, y Protecci\u00f3n Civil del Municipio. El punto de encuentro para este evento fue el Complejo Cultural y Deportivo \u201cLa Superiora\u201d<\/p>\n<p>En esta ocasi\u00f3n, los que recibieron la capacitaci\u00f3n fue personal de las Direcciones de Obras y Servicios y de Gobierno, principalmente referentes de \u00e1rea de las distintas delegaciones descentralizadas (Coloso, Comunal, CIC del M\u00e9dano de Oro y los cilindros).<\/p>\n<p>Esta capacitaci\u00f3n cont\u00f3 con dos m\u00f3dulos, uno te\u00f3rico dictado el pasado 22 de enero y el otro durante la jornada de hoy. Adem\u00e1s, esta iniciativa forma parte del Plan de Capacitaciones anuales que contar\u00e1 con un promedio de 2 o 3 capacitaciones por mes, siendo \u00e9ste el puntapi\u00e9 inicial de diferentes temas relacionados con la prevenci\u00f3n de riesgos laborales.<\/p>\n<p>Llevar a cabo esta iniciativa por parte de la Municipalidad de Rawson representa un paso fundamental hacia la seguridad y la protecci\u00f3n de la comunidad. Al adquirir estos conocimientos, los participantes no solo se preparan para actuar en caso de emergencia, sino que tambi\u00e9n contribuyen al bienestar general al poder prevenir y controlar situaciones de riesgo. Esta iniciativa refleja el compromiso del municipio con la seguridad p\u00fablica y destaca la importancia de la preparaci\u00f3n y la formaci\u00f3n continua para enfrentar desaf\u00edos potenciales de manera efectiva y proactiva.<\/p>\n","protected":false},"excerpt":{"rendered":"<p>Durante la jornada de este pasado viernes, el personal de la Municipalidad de la Ciudad de Rawson recibi\u00f3 una Capacitaci\u00f3n sobre Manejo del Fuego y Uso de Extintores.<br \/>\n Dicha iniciativa fue organizada por \u00c1rea de Higiene y Seguridad Laboral y dictado por personal del Cuartel Rawson de Bomberos de la Provincia, y Protecci\u00f3n Civil del Municipio. El punto de encuentro para este evento fue el Complejo Cultural y Deportivo \u201cLa Superiora\u201d<br \/>\n En esta ocasi\u00f3n, los que recibieron la capacitaci\u00f3n fue personal de las Direcciones de Obras y Servicios y de Gobierno, principalmente referentes de \u00e1rea de las distintas delegaciones descentralizadas (Coloso, Comunal, CIC del M\u00e9dano de Oro y los cilindros).<br \/>\n Esta capacitaci\u00f3n cont\u00f3 con dos m\u00f3dulos, uno te\u00f3rico dictado el pasado 22 de enero y el otro durante la jornada de hoy. Adem\u00e1s, esta iniciativa forma parte del Plan de Capacitaciones anuales que contar\u00e1 con un promedio de 2 o 3 capacitaciones por mes, siendo \u00e9ste el puntapi\u00e9 inicial de diferentes temas..<\/p>\n","protected":false},"author":2,"featured_media":17552,"comment_status":"","ping_status":"","sticky":false,"template":"","format":"standard","meta":{"footnotes":""},"categories":[5],"tags":[],"_links":{"self":[{"href":"https:\/\/maxradio923.com.ar\/index.php\/wp-json\/wp\/v2\/posts\/17551"}],"collection":[{"href":"https:\/\/maxradio923.com.ar\/index.php\/wp-json\/wp\/v2\/posts"}],"about":[{"href":"https:\/\/maxradio923.com.ar\/index.php\/wp-json\/wp\/v2\/types\/post"}],"author":[{"embeddable":true,"href":"https:\/\/maxradio923.com.ar\/index.php\/wp-json\/wp\/v2\/users\/2"}],"replies":[{"embeddable":true,"href":"https:\/\/maxradio923.com.ar\/index.php\/wp-json\/wp\/v2\/comments?post=17551"}],"version-history":[{"count":0,"href":"https:\/\/maxradio923.com.ar\/index.php\/wp-json\/wp\/v2\/posts\/17551\/revisions"}],"wp:featuredmedia":[{"embeddable":true,"href":"https:\/\/maxradio923.com.ar\/index.php\/wp-json\/wp\/v2\/media\/17552"}],"wp:attachment":[{"href":"https:\/\/maxradio923.com.ar\/index.php\/wp-json\/wp\/v2\/media?parent=17551"}],"wp:term":[{"taxonomy":"category","embeddable":true,"href":"https:\/\/maxradio923.com.ar\/index.php\/wp-json\/wp\/v2\/categories?post=17551"},{"taxonomy":"post_tag","embeddable":true,"href":"https:\/\/maxradio923.com.ar\/index.php\/wp-json\/wp\/v2\/tags?post=17551"}],"curies":[{"name":"wp","href":"https:\/\/api.w.org\/{rel}","templated":true}]}}