{"id":17547,"date":"2024-02-10T11:34:02","date_gmt":"2024-02-10T14:34:02","guid":{"rendered":"https:\/\/maxradio923.com.ar\/index.php\/2024\/02\/10\/horror-en-chubut-rocio-con-combustible-y-prendio-fuego-a-un-joven-de-18-anos-que-esta-en-terapia-intensiva\/"},"modified":"2024-02-10T11:34:02","modified_gmt":"2024-02-10T14:34:02","slug":"horror-en-chubut-rocio-con-combustible-y-prendio-fuego-a-un-joven-de-18-anos-que-esta-en-terapia-intensiva","status":"publish","type":"post","link":"https:\/\/maxradio923.com.ar\/index.php\/2024\/02\/10\/horror-en-chubut-rocio-con-combustible-y-prendio-fuego-a-un-joven-de-18-anos-que-esta-en-terapia-intensiva\/","title":{"rendered":"Horror en Chubut: roci\u00f3 con combustible y prendi\u00f3 fuego a un joven de 18 a\u00f1os, que est\u00e1 en terapia intensiva"},"content":{"rendered":"<p><img decoding=\"async\" alt=\"La plaza de Rada Tilly, Chubut, donde ocurri\u00f3 el violento episodio.\" src=\"https:\/\/www.clarin.com\/img\/2024\/02\/09\/-0EW9j1_p_720x0__1.jpg\"\/>La plaza de Rada Tilly, Chubut, donde ocurri\u00f3 el violento episodio.<\/p>\n","protected":false},"excerpt":{"rendered":"<p>La plaza de Rada Tilly, Chubut, donde ocurri\u00f3 el violento episodio.<\/p>\n","protected":false},"author":2,"featured_media":17548,"comment_status":"","ping_status":"","sticky":false,"template":"","format":"standard","meta":{"footnotes":""},"categories":[6],"tags":[],"_links":{"self":[{"href":"https:\/\/maxradio923.com.ar\/index.php\/wp-json\/wp\/v2\/posts\/17547"}],"collection":[{"href":"https:\/\/maxradio923.com.ar\/index.php\/wp-json\/wp\/v2\/posts"}],"about":[{"href":"https:\/\/maxradio923.com.ar\/index.php\/wp-json\/wp\/v2\/types\/post"}],"author":[{"embeddable":true,"href":"https:\/\/maxradio923.com.ar\/index.php\/wp-json\/wp\/v2\/users\/2"}],"replies":[{"embeddable":true,"href":"https:\/\/maxradio923.com.ar\/index.php\/wp-json\/wp\/v2\/comments?post=17547"}],"version-history":[{"count":0,"href":"https:\/\/maxradio923.com.ar\/index.php\/wp-json\/wp\/v2\/posts\/17547\/revisions"}],"wp:featuredmedia":[{"embeddable":true,"href":"https:\/\/maxradio923.com.ar\/index.php\/wp-json\/wp\/v2\/media\/17548"}],"wp:attachment":[{"href":"https:\/\/maxradio923.com.ar\/index.php\/wp-json\/wp\/v2\/media?parent=17547"}],"wp:term":[{"taxonomy":"category","embeddable":true,"href":"https:\/\/maxradio923.com.ar\/index.php\/wp-json\/wp\/v2\/categories?post=17547"},{"taxonomy":"post_tag","embeddable":true,"href":"https:\/\/maxradio923.com.ar\/index.php\/wp-json\/wp\/v2\/tags?post=17547"}],"curies":[{"name":"wp","href":"https:\/\/api.w.org\/{rel}","templated":true}]}}