{"id":17531,"date":"2024-02-10T11:31:59","date_gmt":"2024-02-10T14:31:59","guid":{"rendered":"https:\/\/maxradio923.com.ar\/index.php\/2024\/02\/10\/san-juan-te-enamora-impulsan-al-emprendurismo-local-en-la-primera-feria-del-dia-de-los-enamorados\/"},"modified":"2024-02-10T11:31:59","modified_gmt":"2024-02-10T14:31:59","slug":"san-juan-te-enamora-impulsan-al-emprendurismo-local-en-la-primera-feria-del-dia-de-los-enamorados","status":"publish","type":"post","link":"https:\/\/maxradio923.com.ar\/index.php\/2024\/02\/10\/san-juan-te-enamora-impulsan-al-emprendurismo-local-en-la-primera-feria-del-dia-de-los-enamorados\/","title":{"rendered":"\u00abSan Juan te enamora\u00bb: Impulsan al emprendurismo local en la primera feria del D\u00eda de los Enamorados"},"content":{"rendered":"<p><img decoding=\"async\" src=\"https:\/\/diariod3.com\/wp-content\/uploads\/2024\/02\/51871799956_e112b9a03e_b.jpg\"\/> Alrededor de unos 300 emprendedores y artesanos de distintos departamentos, se dar\u00e1n cita en este evento para mostrar sus labores, resaltando tanto la creatividad como la durabilidad de sus productos.        <img decoding=\"async\" src=\"https:\/\/sisanjuan.b-cdn.net\/media\/k2\/items\/cache\/aa7beabc6666a926ddeed3e07945e81d_L.jpg\" alt=\"&quot;San Juan te enamora&quot;, la primera feria que marcar\u00e1 el rumbo del emprendurismo local\"\/>     <\/p>\n<p>Esta iniciativa se da en el contexto del \u201cD\u00eda de los Enamorados\u201d, a fin de estimular el esp\u00edritu innovador y perseverante de los emprendedores locales, que convierten el espacio p\u00fablico en un lugar de trabajo donde no solo hay un intercambio de bienes y servicios sino tambi\u00e9n es un espacio de interacci\u00f3n social, de encuentros y socializaci\u00f3n.<\/p>\n<p>La actividad feriante tendr\u00e1 lugar el d\u00eda 13 de febrero en el Parque Belgrano, ubicado en el Predio de la Ex Estaci\u00f3n Belgrano, por calle Las Heras y se desarrollar\u00e1 desde las 19 hasta las 23 horas.<\/p>\n<p>Promovida por el Ministerio de Familia y Desarrollo Humano, a trav\u00e9s de la Direcci\u00f3n de Econom\u00eda Social, en conjunto con el Ministerio de Turismo, Cultura y Deporte, la propuesta procura facilitar y desarrollar espacios comerciales para que puedan ofrecer sus productos y concretar ventas.<\/p>\n<p>La feria contar\u00e1 con una amplia variedad de productos artesanales, como cer\u00e1mica, porcelana fr\u00eda, marroquiner\u00eda, objetos de decoraci\u00f3n, juegos did\u00e1cticos, bijouterie, vitrofusi\u00f3n, estampado mediante sublimaci\u00f3n y serigraf\u00eda, accesorios, trabajos en macram\u00e9, entre otros art\u00edculos artesanales; adem\u00e1s de que habr\u00e1 food trucks para que los visitantes disfruten de distintas propuestas de comidas durante el paseo.<\/p>\n<p>El estado provincial pretende apoyar a los emprendedores locales logrando combinar beneficio econ\u00f3mico con sostenibilidad y compromiso social, gestionando formas de expansi\u00f3n y difusi\u00f3n de sus emprendimientos, de modo que se generen v\u00ednculos comerciales sustentables.<\/p>\n<p>De igual manera, se busca la verdadera transformaci\u00f3n del emprendedurismo local, consiguiendo que las ferias abran la posibilidad de encuentro entre diversos colectivos culturales, organizaciones sociales y expresiones populares.<\/p>\n<p>Si quieres sumarte con tu emprendimiento para las pr\u00f3ximas ferias, cont\u00e1ctate para asesorarte de forma telef\u00f3nica o de manera virtual, a trav\u00e9s de los siguientes medios:<\/p>\n<ul>\n<li>WhatsApp: 264 505-3411<\/li>\n<li>Redes sociales: Direcci\u00f3n de Econom\u00eda Social<\/li>\n<li>En las oficinas del Centro C\u00edvico, primer (1\u00ba) Piso, N\u00facleo 2, ingreso 3<\/li>\n<li>Mail: direcciondeeconomiasocial@gmail.com<\/li>\n<\/ul>\n<p>La entrada \u00abSan Juan te enamora\u00bb: Impulsan al emprendurismo local en la primera feria del D\u00eda de los Enamorados se public\u00f3 primero en DIARIO D3 NOTICIAS | SAN JUAN ARGENTINA.<\/p>\n","protected":false},"excerpt":{"rendered":"<p>Alrededor de unos 300 emprendedores y artesanos de distintos departamentos, se dar\u00e1n cita en este evento para mostrar sus labores, resaltando tanto la creatividad como la durabilidad de sus productos. Esta iniciativa se da en el contexto del \u201cD\u00eda de los Enamorados\u201d, a fin de estimular el esp\u00edritu innovador y perseverante de los emprendedores locales, que convierten el espacio p\u00fablico en un lugar de trabajo donde no solo hay un intercambio de bienes y servicios sino tambi\u00e9n es un espacio de interacci\u00f3n social, de encuentros y socializaci\u00f3n.<br \/>\n La actividad feriante tendr\u00e1 lugar el d\u00eda 13 de febrero en el Parque Belgrano, ubicado en el Predio de la Ex Estaci\u00f3n Belgrano, por calle Las Heras y se desarrollar\u00e1 desde las 19 hasta las 23 horas.<br \/>\n Promovida por el Ministerio de Familia y Desarrollo Humano, a trav\u00e9s de la Direcci\u00f3n de Econom\u00eda Social, en conjunto con el Ministerio de Turismo, Cultura y Deporte, la propuesta procura facilitar y desarrollar espacios comerciales para que puedan ofrec..<\/p>\n","protected":false},"author":2,"featured_media":17532,"comment_status":"","ping_status":"","sticky":false,"template":"","format":"standard","meta":{"footnotes":""},"categories":[10],"tags":[],"_links":{"self":[{"href":"https:\/\/maxradio923.com.ar\/index.php\/wp-json\/wp\/v2\/posts\/17531"}],"collection":[{"href":"https:\/\/maxradio923.com.ar\/index.php\/wp-json\/wp\/v2\/posts"}],"about":[{"href":"https:\/\/maxradio923.com.ar\/index.php\/wp-json\/wp\/v2\/types\/post"}],"author":[{"embeddable":true,"href":"https:\/\/maxradio923.com.ar\/index.php\/wp-json\/wp\/v2\/users\/2"}],"replies":[{"embeddable":true,"href":"https:\/\/maxradio923.com.ar\/index.php\/wp-json\/wp\/v2\/comments?post=17531"}],"version-history":[{"count":0,"href":"https:\/\/maxradio923.com.ar\/index.php\/wp-json\/wp\/v2\/posts\/17531\/revisions"}],"wp:featuredmedia":[{"embeddable":true,"href":"https:\/\/maxradio923.com.ar\/index.php\/wp-json\/wp\/v2\/media\/17532"}],"wp:attachment":[{"href":"https:\/\/maxradio923.com.ar\/index.php\/wp-json\/wp\/v2\/media?parent=17531"}],"wp:term":[{"taxonomy":"category","embeddable":true,"href":"https:\/\/maxradio923.com.ar\/index.php\/wp-json\/wp\/v2\/categories?post=17531"},{"taxonomy":"post_tag","embeddable":true,"href":"https:\/\/maxradio923.com.ar\/index.php\/wp-json\/wp\/v2\/tags?post=17531"}],"curies":[{"name":"wp","href":"https:\/\/api.w.org\/{rel}","templated":true}]}}