{"id":17521,"date":"2024-02-09T14:59:36","date_gmt":"2024-02-09T17:59:36","guid":{"rendered":"https:\/\/maxradio923.com.ar\/index.php\/2024\/02\/09\/fiesta-de-la-confluencia-2024-neuquen-recibe-a-tan-bionica-fito-paez-y-muchos-mas\/"},"modified":"2024-02-09T14:59:36","modified_gmt":"2024-02-09T17:59:36","slug":"fiesta-de-la-confluencia-2024-neuquen-recibe-a-tan-bionica-fito-paez-y-muchos-mas","status":"publish","type":"post","link":"https:\/\/maxradio923.com.ar\/index.php\/2024\/02\/09\/fiesta-de-la-confluencia-2024-neuquen-recibe-a-tan-bionica-fito-paez-y-muchos-mas\/","title":{"rendered":"Fiesta de la Confluencia 2024: Neuqu\u00e9n recibe a Tan Bi\u00f3nica, Fito P\u00e1ez y muchos m\u00e1s"},"content":{"rendered":"<ul>\n<li>Un seleccionado de grandes artistas dar\u00e1 el presente en este festival, que durar\u00e1 cuatro d\u00edas.<\/li>\n<\/ul>\n","protected":false},"excerpt":{"rendered":"<p>Un seleccionado de grandes artistas dar\u00e1 el presente en este festival, que durar\u00e1 cuatro d\u00edas.<\/p>\n","protected":false},"author":2,"featured_media":17522,"comment_status":"","ping_status":"","sticky":false,"template":"","format":"standard","meta":{"footnotes":""},"categories":[4],"tags":[],"_links":{"self":[{"href":"https:\/\/maxradio923.com.ar\/index.php\/wp-json\/wp\/v2\/posts\/17521"}],"collection":[{"href":"https:\/\/maxradio923.com.ar\/index.php\/wp-json\/wp\/v2\/posts"}],"about":[{"href":"https:\/\/maxradio923.com.ar\/index.php\/wp-json\/wp\/v2\/types\/post"}],"author":[{"embeddable":true,"href":"https:\/\/maxradio923.com.ar\/index.php\/wp-json\/wp\/v2\/users\/2"}],"replies":[{"embeddable":true,"href":"https:\/\/maxradio923.com.ar\/index.php\/wp-json\/wp\/v2\/comments?post=17521"}],"version-history":[{"count":0,"href":"https:\/\/maxradio923.com.ar\/index.php\/wp-json\/wp\/v2\/posts\/17521\/revisions"}],"wp:featuredmedia":[{"embeddable":true,"href":"https:\/\/maxradio923.com.ar\/index.php\/wp-json\/wp\/v2\/media\/17522"}],"wp:attachment":[{"href":"https:\/\/maxradio923.com.ar\/index.php\/wp-json\/wp\/v2\/media?parent=17521"}],"wp:term":[{"taxonomy":"category","embeddable":true,"href":"https:\/\/maxradio923.com.ar\/index.php\/wp-json\/wp\/v2\/categories?post=17521"},{"taxonomy":"post_tag","embeddable":true,"href":"https:\/\/maxradio923.com.ar\/index.php\/wp-json\/wp\/v2\/tags?post=17521"}],"curies":[{"name":"wp","href":"https:\/\/api.w.org\/{rel}","templated":true}]}}