{"id":17515,"date":"2024-02-09T14:59:03","date_gmt":"2024-02-09T17:59:03","guid":{"rendered":"https:\/\/maxradio923.com.ar\/index.php\/2024\/02\/09\/te-quemo-un-policia-mato-a-un-delincuente-que-le-apoyo-una-pistola-en-la-cabeza-e-hirio-a-un-complice-en-villa-celina\/"},"modified":"2024-02-09T14:59:03","modified_gmt":"2024-02-09T17:59:03","slug":"te-quemo-un-policia-mato-a-un-delincuente-que-le-apoyo-una-pistola-en-la-cabeza-e-hirio-a-un-complice-en-villa-celina","status":"publish","type":"post","link":"https:\/\/maxradio923.com.ar\/index.php\/2024\/02\/09\/te-quemo-un-policia-mato-a-un-delincuente-que-le-apoyo-una-pistola-en-la-cabeza-e-hirio-a-un-complice-en-villa-celina\/","title":{"rendered":"&#8220;Te quemo&#8221;: un polic\u00eda mat\u00f3 a un delincuente que le apoy\u00f3 una pistola en la cabeza e hiri\u00f3 a un c\u00f3mplice en Villa Celina"},"content":{"rendered":"<p><img decoding=\"async\" alt=\"Los dos c\u00f3mpices fueron detenidos en el hospital Balestrini.\" src=\"https:\/\/www.clarin.com\/img\/2023\/02\/08\/GPrMDFssI_720x0__1.jpg\"\/>Los dos c\u00f3mpices fueron detenidos en el hospital Balestrini.<\/p>\n","protected":false},"excerpt":{"rendered":"<p>Los dos c\u00f3mpices fueron detenidos en el hospital Balestrini.<\/p>\n","protected":false},"author":2,"featured_media":17516,"comment_status":"","ping_status":"","sticky":false,"template":"","format":"standard","meta":{"footnotes":""},"categories":[6],"tags":[],"_links":{"self":[{"href":"https:\/\/maxradio923.com.ar\/index.php\/wp-json\/wp\/v2\/posts\/17515"}],"collection":[{"href":"https:\/\/maxradio923.com.ar\/index.php\/wp-json\/wp\/v2\/posts"}],"about":[{"href":"https:\/\/maxradio923.com.ar\/index.php\/wp-json\/wp\/v2\/types\/post"}],"author":[{"embeddable":true,"href":"https:\/\/maxradio923.com.ar\/index.php\/wp-json\/wp\/v2\/users\/2"}],"replies":[{"embeddable":true,"href":"https:\/\/maxradio923.com.ar\/index.php\/wp-json\/wp\/v2\/comments?post=17515"}],"version-history":[{"count":0,"href":"https:\/\/maxradio923.com.ar\/index.php\/wp-json\/wp\/v2\/posts\/17515\/revisions"}],"wp:featuredmedia":[{"embeddable":true,"href":"https:\/\/maxradio923.com.ar\/index.php\/wp-json\/wp\/v2\/media\/17516"}],"wp:attachment":[{"href":"https:\/\/maxradio923.com.ar\/index.php\/wp-json\/wp\/v2\/media?parent=17515"}],"wp:term":[{"taxonomy":"category","embeddable":true,"href":"https:\/\/maxradio923.com.ar\/index.php\/wp-json\/wp\/v2\/categories?post=17515"},{"taxonomy":"post_tag","embeddable":true,"href":"https:\/\/maxradio923.com.ar\/index.php\/wp-json\/wp\/v2\/tags?post=17515"}],"curies":[{"name":"wp","href":"https:\/\/api.w.org\/{rel}","templated":true}]}}