{"id":17510,"date":"2024-02-09T14:53:32","date_gmt":"2024-02-09T17:53:32","guid":{"rendered":"https:\/\/maxradio923.com.ar\/index.php\/2024\/02\/09\/los-argentinos-son-los-menos-enamorados-de-su-trabajo-en-la-region-adivina-el-principal-motivo\/"},"modified":"2024-02-09T14:53:32","modified_gmt":"2024-02-09T17:53:32","slug":"los-argentinos-son-los-menos-enamorados-de-su-trabajo-en-la-region-adivina-el-principal-motivo","status":"publish","type":"post","link":"https:\/\/maxradio923.com.ar\/index.php\/2024\/02\/09\/los-argentinos-son-los-menos-enamorados-de-su-trabajo-en-la-region-adivina-el-principal-motivo\/","title":{"rendered":"Los argentinos son los menos enamorados de su trabajo en la regi\u00f3n: adivin\u00e1 el principal motivo"},"content":{"rendered":"<ul>\n<li>Apenas 16% dicen que les gusta mucho su trabajo.<\/li>\n<li>Adem\u00e1s, baj\u00f3 de 66 a 43% la gente que est\u00e1 conforme con su empleo, seg\u00fan un sondeo privado.<\/li>\n<\/ul>\n","protected":false},"excerpt":{"rendered":"<p>Apenas 16% dicen que les gusta mucho su trabajo.Adem\u00e1s, baj\u00f3 de 66 a 43% la gente que est\u00e1 conforme con su empleo, seg\u00fan un sondeo privado.<\/p>\n","protected":false},"author":2,"featured_media":0,"comment_status":"","ping_status":"","sticky":false,"template":"","format":"standard","meta":{"footnotes":""},"categories":[2],"tags":[],"_links":{"self":[{"href":"https:\/\/maxradio923.com.ar\/index.php\/wp-json\/wp\/v2\/posts\/17510"}],"collection":[{"href":"https:\/\/maxradio923.com.ar\/index.php\/wp-json\/wp\/v2\/posts"}],"about":[{"href":"https:\/\/maxradio923.com.ar\/index.php\/wp-json\/wp\/v2\/types\/post"}],"author":[{"embeddable":true,"href":"https:\/\/maxradio923.com.ar\/index.php\/wp-json\/wp\/v2\/users\/2"}],"replies":[{"embeddable":true,"href":"https:\/\/maxradio923.com.ar\/index.php\/wp-json\/wp\/v2\/comments?post=17510"}],"version-history":[{"count":0,"href":"https:\/\/maxradio923.com.ar\/index.php\/wp-json\/wp\/v2\/posts\/17510\/revisions"}],"wp:attachment":[{"href":"https:\/\/maxradio923.com.ar\/index.php\/wp-json\/wp\/v2\/media?parent=17510"}],"wp:term":[{"taxonomy":"category","embeddable":true,"href":"https:\/\/maxradio923.com.ar\/index.php\/wp-json\/wp\/v2\/categories?post=17510"},{"taxonomy":"post_tag","embeddable":true,"href":"https:\/\/maxradio923.com.ar\/index.php\/wp-json\/wp\/v2\/tags?post=17510"}],"curies":[{"name":"wp","href":"https:\/\/api.w.org\/{rel}","templated":true}]}}