{"id":17504,"date":"2024-02-09T14:50:17","date_gmt":"2024-02-09T17:50:17","guid":{"rendered":"https:\/\/maxradio923.com.ar\/index.php\/2024\/02\/09\/la-ciudad-registra-ocho-dias-consecutivos-en-alerta-rojo-por-la-ola-de-calor-y-se-anuncian-fuertes-tormentas\/"},"modified":"2024-02-09T14:50:17","modified_gmt":"2024-02-09T17:50:17","slug":"la-ciudad-registra-ocho-dias-consecutivos-en-alerta-rojo-por-la-ola-de-calor-y-se-anuncian-fuertes-tormentas","status":"publish","type":"post","link":"https:\/\/maxradio923.com.ar\/index.php\/2024\/02\/09\/la-ciudad-registra-ocho-dias-consecutivos-en-alerta-rojo-por-la-ola-de-calor-y-se-anuncian-fuertes-tormentas\/","title":{"rendered":"La Ciudad registra ocho d\u00edas consecutivos en alerta rojo por la ola de calor y se anuncian fuertes tormentas"},"content":{"rendered":"<ul>\n<li>La Capital Federal contin\u00faa con advertencias por las altas temperaturas junto a diez provincias.<\/li>\n<li>Pero este viernes sum\u00f3 una alerta amarilla por lluvias junto a otros 16 puntos del pa\u00eds.<\/li>\n<\/ul>\n","protected":false},"excerpt":{"rendered":"<p>La Capital Federal contin\u00faa con advertencias por las altas temperaturas junto a diez provincias.Pero este viernes sum\u00f3 una alerta amarilla por lluvias junto a otros 16 puntos del pa\u00eds.<\/p>\n","protected":false},"author":2,"featured_media":17505,"comment_status":"","ping_status":"","sticky":false,"template":"","format":"standard","meta":{"footnotes":""},"categories":[9],"tags":[],"_links":{"self":[{"href":"https:\/\/maxradio923.com.ar\/index.php\/wp-json\/wp\/v2\/posts\/17504"}],"collection":[{"href":"https:\/\/maxradio923.com.ar\/index.php\/wp-json\/wp\/v2\/posts"}],"about":[{"href":"https:\/\/maxradio923.com.ar\/index.php\/wp-json\/wp\/v2\/types\/post"}],"author":[{"embeddable":true,"href":"https:\/\/maxradio923.com.ar\/index.php\/wp-json\/wp\/v2\/users\/2"}],"replies":[{"embeddable":true,"href":"https:\/\/maxradio923.com.ar\/index.php\/wp-json\/wp\/v2\/comments?post=17504"}],"version-history":[{"count":0,"href":"https:\/\/maxradio923.com.ar\/index.php\/wp-json\/wp\/v2\/posts\/17504\/revisions"}],"wp:featuredmedia":[{"embeddable":true,"href":"https:\/\/maxradio923.com.ar\/index.php\/wp-json\/wp\/v2\/media\/17505"}],"wp:attachment":[{"href":"https:\/\/maxradio923.com.ar\/index.php\/wp-json\/wp\/v2\/media?parent=17504"}],"wp:term":[{"taxonomy":"category","embeddable":true,"href":"https:\/\/maxradio923.com.ar\/index.php\/wp-json\/wp\/v2\/categories?post=17504"},{"taxonomy":"post_tag","embeddable":true,"href":"https:\/\/maxradio923.com.ar\/index.php\/wp-json\/wp\/v2\/tags?post=17504"}],"curies":[{"name":"wp","href":"https:\/\/api.w.org\/{rel}","templated":true}]}}