{"id":17502,"date":"2024-02-09T14:50:17","date_gmt":"2024-02-09T17:50:17","guid":{"rendered":"https:\/\/maxradio923.com.ar\/index.php\/2024\/02\/09\/el-mensaje-de-mama-antula-segun-el-arzobispo-porteno-los-argentinos-no-nos-tenemos-que-conformar-con-estar-siempre-mal\/"},"modified":"2024-02-09T14:50:17","modified_gmt":"2024-02-09T17:50:17","slug":"el-mensaje-de-mama-antula-segun-el-arzobispo-porteno-los-argentinos-no-nos-tenemos-que-conformar-con-estar-siempre-mal","status":"publish","type":"post","link":"https:\/\/maxradio923.com.ar\/index.php\/2024\/02\/09\/el-mensaje-de-mama-antula-segun-el-arzobispo-porteno-los-argentinos-no-nos-tenemos-que-conformar-con-estar-siempre-mal\/","title":{"rendered":"El mensaje de Mam\u00e1 Antula, seg\u00fan el arzobispo porte\u00f1o: &#8220;Los argentinos no nos tenemos que conformar con estar siempre mal&#8221;"},"content":{"rendered":"<ul>\n<li>Desde el Vaticano, Jorge Ignacio Garc\u00eda Cuerva analiza por qu\u00e9 es clave la figura de la primera santa argentina. <\/li>\n<li>Mar\u00eda Antonia de Paz y Figueroa ser\u00e1 canonizada el domingo por el Papa Francisco. <\/li>\n<\/ul>\n<p><\/p>\n","protected":false},"excerpt":{"rendered":"<p>Desde el Vaticano, Jorge Ignacio Garc\u00eda Cuerva analiza por qu\u00e9 es clave la figura de la primera santa argentina. Mar\u00eda Antonia de Paz y Figueroa ser\u00e1 canonizada el domingo por el Papa Francisco.<\/p>\n","protected":false},"author":2,"featured_media":17503,"comment_status":"","ping_status":"","sticky":false,"template":"","format":"standard","meta":{"footnotes":""},"categories":[9],"tags":[],"_links":{"self":[{"href":"https:\/\/maxradio923.com.ar\/index.php\/wp-json\/wp\/v2\/posts\/17502"}],"collection":[{"href":"https:\/\/maxradio923.com.ar\/index.php\/wp-json\/wp\/v2\/posts"}],"about":[{"href":"https:\/\/maxradio923.com.ar\/index.php\/wp-json\/wp\/v2\/types\/post"}],"author":[{"embeddable":true,"href":"https:\/\/maxradio923.com.ar\/index.php\/wp-json\/wp\/v2\/users\/2"}],"replies":[{"embeddable":true,"href":"https:\/\/maxradio923.com.ar\/index.php\/wp-json\/wp\/v2\/comments?post=17502"}],"version-history":[{"count":0,"href":"https:\/\/maxradio923.com.ar\/index.php\/wp-json\/wp\/v2\/posts\/17502\/revisions"}],"wp:featuredmedia":[{"embeddable":true,"href":"https:\/\/maxradio923.com.ar\/index.php\/wp-json\/wp\/v2\/media\/17503"}],"wp:attachment":[{"href":"https:\/\/maxradio923.com.ar\/index.php\/wp-json\/wp\/v2\/media?parent=17502"}],"wp:term":[{"taxonomy":"category","embeddable":true,"href":"https:\/\/maxradio923.com.ar\/index.php\/wp-json\/wp\/v2\/categories?post=17502"},{"taxonomy":"post_tag","embeddable":true,"href":"https:\/\/maxradio923.com.ar\/index.php\/wp-json\/wp\/v2\/tags?post=17502"}],"curies":[{"name":"wp","href":"https:\/\/api.w.org\/{rel}","templated":true}]}}