{"id":175,"date":"2023-08-19T22:34:33","date_gmt":"2023-08-19T20:34:33","guid":{"rendered":"https:\/\/maxradio923.com\/valle-fertil-la-comunidad-recibio-informacion-sobre-el-proyecto-santo-domingo\/"},"modified":"2023-08-19T22:34:33","modified_gmt":"2023-08-19T20:34:33","slug":"valle-fertil-la-comunidad-recibio-informacion-sobre-el-proyecto-santo-domingo","status":"publish","type":"post","link":"https:\/\/maxradio923.com.ar\/index.php\/2023\/08\/19\/valle-fertil-la-comunidad-recibio-informacion-sobre-el-proyecto-santo-domingo\/","title":{"rendered":"Valle F\u00e9rtil: la comunidad recibi\u00f3 informaci\u00f3n sobre el proyecto Santo Domingo"},"content":{"rendered":"<p><img decoding=\"async\" src=\"http:\/\/maxradio923.com\/wp-content\/uploads\/2023\/08\/1v-82-1.jpg\"\/><\/p>\n<p>La sede del Consejo Deliberante de Valle F\u00e9rtil fue el escenario de una prolongada reuni\u00f3n entre ejecutivos de la empresa Minerales Camino Real, que explora en la zona de Marayes, el cuerpo de concejales departamentales y autoridades de la Uni\u00f3n Vecinal de Chucuma, con la presencia de representantes del Ministerio de Miner\u00eda de la provincia.<\/p>\n<p>El intendente Omar Ortiz acompa\u00f1\u00f3 a la presidente del Consejo Deliberante Viviana Ch\u00e1vez y a los concejales Jaime Lara, Mart\u00edn Ch\u00e1vez, Mat\u00edas Luna y Nemesio Acosta; participaron del encuentro Eduardo Vera y Carina Miranda, Presidente y Secretaria de la Uni\u00f3n Vecinal \u201c Unidos por Chucuma en el Deporte, la Cultura y la Tradici\u00f3n \u201c; empresarios mineros del cuarzo y representantes del Ministerio de Miner\u00eda: Roberto Quiroga del \u00e1rea de Desarrollo Minero Sustentable y la Ge\u00f3loga Lic. Gabriela Lara.<\/p>\n<p>Por parte de la empresa, su Vicepresidente Iv\u00e1n Devia, la Ge\u00f3loga Lic. Fernanda Ulrich y la Dra. Karen Caballero brindaron un completo informe sobre el trabajo de exploraci\u00f3n que la compa\u00f1\u00eda realiza en el \u00e1rea y aclararon diversas inquietudes planteadas por los ediles y los habitantes de la localidad de Chucuma, la m\u00e1s pr\u00f3xima al emprendimiento.<\/p>\n<p>Devia se encar\u00f3 de destacar que los trabajos que se realizan en este momento se limitan a la recolecci\u00f3n de muestras geol\u00f3gicas superficiales y una sola m\u00e1quina perforadora. Las muestras enviadas a laboratorio determinar\u00e1n a futuro las posibilidades de avanzar en la b\u00fasqueda de cobre.<\/p>\n<p>\u201cTenemos una pol\u00edtica de Puertas Abiertas hacia la comunidad y queremos que nos visiten para que vean con sus propios ojos el trabajo que estamos haciendo\u201d\u2013 expres\u00f3 el empresario \u2013 y proponemos tener no menos de una reuni\u00f3n mensual para que ustedes est\u00e9n al tanto de todo el proceso, paso a paso\u201d. Para ello propuso la conformaci\u00f3n de un Comit\u00e9 integrado por representantes de la empresa, la Comunidad y el Gobierno.<\/p>\n<p>Dev\u00eda destac\u00f3 que en todos los pa\u00edses en donde han actuado, han generado proyectos sociales para el desarrollo de las comunidades, que han perdurado m\u00e1s all\u00e1 de la vida \u00fatil de cada mina. \u201cNuestra intenci\u00f3n es que no menos del 90% del personal que contratemos sea de Valle F\u00e9rtil y a contribuir al desarrollo de proveedores locales para todas nuestras futuras necesidades\u201d, expres\u00f3.<\/p>\n<p>Por su parte la Ge\u00f3loga Fernanda Ulrrich dio detalles de la L\u00ednea de Base Ambiental realizada antes del inicio de toda actividad en la zona, incluyendo un relevamiento social preliminar, un relevamiento arqueol\u00f3gico, y uno ambiental con muestreos sobre la vertiente existente en cercan\u00edas al proyecto; lo que ha permitido generar un Plan de Manejo Ambiental para el resguardo de toda el \u00e1rea.<\/p>\n<p>Por su parte la Lic Gabriela Lara, del Ministerio de Miner\u00eda, destac\u00f3 ante los vecinos vallistos el permanente trabajo de inspecci\u00f3n y control que realiza la autoridad minera, garantizando el resguardo del medio ambiente y el cumplimiento de toda la normativa vigente en nombre de la comunidad del departamento y la Provincia.<\/p>\n<p>Finalmente las autoridades de la Uni\u00f3n Vecinal de Chucuma agradecieron a la empresa y autoridades departamentales y provinciales la gesti\u00f3n de esta reuni\u00f3n que \u201c .. nos permite acceder a informaci\u00f3n confiable sobre el proyecto minero en Marayes, para formarnos una opini\u00f3n propia basada en hechos, sin vernos influenciados por comentarios sin base que nos llegan de personas que no son de nuestro pueblo\u201d.<\/p>\n<p>\u201cQueremos di\u00e1logo permanente y desarrollo en paz\u201d, sintetiz\u00f3 Vera en nombre de la comunidad de Chucuma.<\/p>\n","protected":false},"excerpt":{"rendered":"<p>La sede del Consejo Deliberante de Valle F\u00e9rtil fue el escenario de una prolongada reuni\u00f3n entre ejecutivos de la empresa Minerales Camino Real, que explora en la zona de Marayes, el cuerpo de concejales departamentales y autoridades de la Uni\u00f3n Vecinal de Chucuma, con la presencia de representantes del Ministerio de Miner\u00eda de la provincia. [&hellip;]<\/p>\n","protected":false},"author":1,"featured_media":0,"comment_status":"closed","ping_status":"open","sticky":false,"template":"","format":"standard","meta":{"footnotes":""},"categories":[5],"tags":[],"_links":{"self":[{"href":"https:\/\/maxradio923.com.ar\/index.php\/wp-json\/wp\/v2\/posts\/175"}],"collection":[{"href":"https:\/\/maxradio923.com.ar\/index.php\/wp-json\/wp\/v2\/posts"}],"about":[{"href":"https:\/\/maxradio923.com.ar\/index.php\/wp-json\/wp\/v2\/types\/post"}],"author":[{"embeddable":true,"href":"https:\/\/maxradio923.com.ar\/index.php\/wp-json\/wp\/v2\/users\/1"}],"replies":[{"embeddable":true,"href":"https:\/\/maxradio923.com.ar\/index.php\/wp-json\/wp\/v2\/comments?post=175"}],"version-history":[{"count":0,"href":"https:\/\/maxradio923.com.ar\/index.php\/wp-json\/wp\/v2\/posts\/175\/revisions"}],"wp:attachment":[{"href":"https:\/\/maxradio923.com.ar\/index.php\/wp-json\/wp\/v2\/media?parent=175"}],"wp:term":[{"taxonomy":"category","embeddable":true,"href":"https:\/\/maxradio923.com.ar\/index.php\/wp-json\/wp\/v2\/categories?post=175"},{"taxonomy":"post_tag","embeddable":true,"href":"https:\/\/maxradio923.com.ar\/index.php\/wp-json\/wp\/v2\/tags?post=175"}],"curies":[{"name":"wp","href":"https:\/\/api.w.org\/{rel}","templated":true}]}}