{"id":17498,"date":"2024-02-09T10:43:41","date_gmt":"2024-02-09T13:43:41","guid":{"rendered":"https:\/\/maxradio923.com.ar\/index.php\/2024\/02\/09\/javier-milei-se-despidio-de-israel-y-ya-prepara-su-cumbre-con-el-papa-en-el-vaticano\/"},"modified":"2024-02-09T10:43:41","modified_gmt":"2024-02-09T13:43:41","slug":"javier-milei-se-despidio-de-israel-y-ya-prepara-su-cumbre-con-el-papa-en-el-vaticano","status":"publish","type":"post","link":"https:\/\/maxradio923.com.ar\/index.php\/2024\/02\/09\/javier-milei-se-despidio-de-israel-y-ya-prepara-su-cumbre-con-el-papa-en-el-vaticano\/","title":{"rendered":"Javier Milei se despidi\u00f3 de Israel y ya prepara su cumbre con el Papa en El Vaticano"},"content":{"rendered":"<p>El Presidente cerr\u00f3 su gira por Medio Oriente y viaja a Roma, donde tambi\u00e9n se ver\u00e1 con Giorgia Meloni. <\/p>\n","protected":false},"excerpt":{"rendered":"<p>El Presidente cerr\u00f3 su gira por Medio Oriente y viaja a Roma, donde tambi\u00e9n se ver\u00e1 con Giorgia Meloni.<\/p>\n","protected":false},"author":2,"featured_media":17499,"comment_status":"","ping_status":"","sticky":false,"template":"","format":"standard","meta":{"footnotes":""},"categories":[7],"tags":[],"_links":{"self":[{"href":"https:\/\/maxradio923.com.ar\/index.php\/wp-json\/wp\/v2\/posts\/17498"}],"collection":[{"href":"https:\/\/maxradio923.com.ar\/index.php\/wp-json\/wp\/v2\/posts"}],"about":[{"href":"https:\/\/maxradio923.com.ar\/index.php\/wp-json\/wp\/v2\/types\/post"}],"author":[{"embeddable":true,"href":"https:\/\/maxradio923.com.ar\/index.php\/wp-json\/wp\/v2\/users\/2"}],"replies":[{"embeddable":true,"href":"https:\/\/maxradio923.com.ar\/index.php\/wp-json\/wp\/v2\/comments?post=17498"}],"version-history":[{"count":0,"href":"https:\/\/maxradio923.com.ar\/index.php\/wp-json\/wp\/v2\/posts\/17498\/revisions"}],"wp:featuredmedia":[{"embeddable":true,"href":"https:\/\/maxradio923.com.ar\/index.php\/wp-json\/wp\/v2\/media\/17499"}],"wp:attachment":[{"href":"https:\/\/maxradio923.com.ar\/index.php\/wp-json\/wp\/v2\/media?parent=17498"}],"wp:term":[{"taxonomy":"category","embeddable":true,"href":"https:\/\/maxradio923.com.ar\/index.php\/wp-json\/wp\/v2\/categories?post=17498"},{"taxonomy":"post_tag","embeddable":true,"href":"https:\/\/maxradio923.com.ar\/index.php\/wp-json\/wp\/v2\/tags?post=17498"}],"curies":[{"name":"wp","href":"https:\/\/api.w.org\/{rel}","templated":true}]}}