{"id":17490,"date":"2024-02-09T10:43:19","date_gmt":"2024-02-09T13:43:19","guid":{"rendered":"https:\/\/maxradio923.com.ar\/index.php\/2024\/02\/09\/posible-revision-de-tarifas-de-colectivo-en-san-juan-por-quita-de-subsidio-nacional\/"},"modified":"2024-02-09T10:43:19","modified_gmt":"2024-02-09T13:43:19","slug":"posible-revision-de-tarifas-de-colectivo-en-san-juan-por-quita-de-subsidio-nacional","status":"publish","type":"post","link":"https:\/\/maxradio923.com.ar\/index.php\/2024\/02\/09\/posible-revision-de-tarifas-de-colectivo-en-san-juan-por-quita-de-subsidio-nacional\/","title":{"rendered":"Posible Revisi\u00f3n de Tarifas de Colectivo en San Juan por Quita de Subsidio Nacional"},"content":{"rendered":"<p><img decoding=\"async\" src=\"https:\/\/diariod3.com\/wp-content\/uploads\/2024\/01\/redtulum.jpg\"\/><\/p>\n<p>El Gobierno local, que mantiene la tarifa en $200 desde hace 20 d\u00edas, se\u00f1al\u00f3 que abrir\u00e1 negociaciones con las empresas del sector para definir si se mantiene el valor actual, si el Ejecutivo destina m\u00e1s fondos para el subsidio provincial o si se traslada el impacto a los pasajeros. La quita afectar\u00e1 a m\u00e1s de 300,000 usuarios de colectivo en la provincia.<\/p>\n<p>La medida de la gesti\u00f3n nacional afect\u00f3 a todas las provincias por igual, generando cr\u00edticas del presidente Javier Milei. La quita se enmarca en la decisi\u00f3n de dar marcha atr\u00e1s con la Ley \u00d3mnibus en la C\u00e1mara de Diputados. La quita afecta al Fondo Compensador entregado a las empresas, mientras se mantiene otro subsidio directo a jubilados y beneficiarios de AUH. La provincia destinaba entre el 70% y el 75% de lo subsidiado en el pasaje de colectivos.<\/p>\n<p>La quita podr\u00eda representar unos 70 pesos en la tarifa de colectivo, seg\u00fan estimaciones. El impacto inicial recae en las empresas, pero se espera que estas busquen renegociar el cuadro tarifario. El Gobierno provincial ha destinado 2,195 millones de pesos al mes para el subsidio. A\u00fan no est\u00e1 claro si la quita afectar\u00e1 el monto que debe llegar en febrero desde Naci\u00f3n, pero de ser as\u00ed, ser\u00edan 500 millones de pesos menos.<\/p>\n<p>El secretario de Tr\u00e1nsito y Transporte de la provincia, Marcelo Molina, indic\u00f3 que la provincia no participaba en el manejo de ese dinero, sino que las empresas recib\u00edan los fondos directamente. La quita generar\u00e1 presi\u00f3n adicional al sistema ya afectado por aumentos anteriores y el alza en los costos operativos. La provincia podr\u00eda abrir negociaciones del valor una vez definido el costo laboral en la discusi\u00f3n paritaria de FATAP con los choferes.<\/p>\n<p>La situaci\u00f3n genera incertidumbre sobre el futuro de las tarifas de colectivo en San Juan y la posible necesidad de ajustes para mantener la viabilidad del servicio. La gesti\u00f3n de la tarifa depender\u00e1 de las negociaciones entre el Gobierno provincial y las empresas del sector en las pr\u00f3ximas semanas.<\/p>\n<p>Op: Juan Llarena<\/p>\n<p>La entrada Posible Revisi\u00f3n de Tarifas de Colectivo en San Juan por Quita de Subsidio Nacional se public\u00f3 primero en DIARIO D3 NOTICIAS | SAN JUAN ARGENTINA.<\/p>\n","protected":false},"excerpt":{"rendered":"<p>El Gobierno local, que mantiene la tarifa en $200 desde hace 20 d\u00edas, se\u00f1al\u00f3 que abrir\u00e1 negociaciones con las empresas del sector para definir si se mantiene el valor actual, si el Ejecutivo destina m\u00e1s fondos para el subsidio provincial o si se traslada el impacto a los pasajeros. La quita afectar\u00e1 a m\u00e1s de 300,000 usuarios de colectivo en la provincia.<br \/>\n La medida de la gesti\u00f3n nacional afect\u00f3 a todas las provincias por igual, generando cr\u00edticas del presidente Javier Milei. La quita se enmarca en la decisi\u00f3n de dar marcha atr\u00e1s con la Ley \u00d3mnibus en la C\u00e1mara de Diputados. La quita afecta al Fondo Compensador entregado a las empresas, mientras se mantiene otro subsidio directo a jubilados y beneficiarios de AUH. La provincia destinaba entre el 70% y el 75% de lo subsidiado en el pasaje de colectivos.<br \/>\n La quita podr\u00eda representar unos 70 pesos en la tarifa de colectivo, seg\u00fan estimaciones. El impacto inicial recae en las empresas, pero se espera que estas busquen renegociar el cuadro t..<\/p>\n","protected":false},"author":2,"featured_media":17491,"comment_status":"","ping_status":"","sticky":false,"template":"","format":"standard","meta":{"footnotes":""},"categories":[8],"tags":[],"_links":{"self":[{"href":"https:\/\/maxradio923.com.ar\/index.php\/wp-json\/wp\/v2\/posts\/17490"}],"collection":[{"href":"https:\/\/maxradio923.com.ar\/index.php\/wp-json\/wp\/v2\/posts"}],"about":[{"href":"https:\/\/maxradio923.com.ar\/index.php\/wp-json\/wp\/v2\/types\/post"}],"author":[{"embeddable":true,"href":"https:\/\/maxradio923.com.ar\/index.php\/wp-json\/wp\/v2\/users\/2"}],"replies":[{"embeddable":true,"href":"https:\/\/maxradio923.com.ar\/index.php\/wp-json\/wp\/v2\/comments?post=17490"}],"version-history":[{"count":0,"href":"https:\/\/maxradio923.com.ar\/index.php\/wp-json\/wp\/v2\/posts\/17490\/revisions"}],"wp:featuredmedia":[{"embeddable":true,"href":"https:\/\/maxradio923.com.ar\/index.php\/wp-json\/wp\/v2\/media\/17491"}],"wp:attachment":[{"href":"https:\/\/maxradio923.com.ar\/index.php\/wp-json\/wp\/v2\/media?parent=17490"}],"wp:term":[{"taxonomy":"category","embeddable":true,"href":"https:\/\/maxradio923.com.ar\/index.php\/wp-json\/wp\/v2\/categories?post=17490"},{"taxonomy":"post_tag","embeddable":true,"href":"https:\/\/maxradio923.com.ar\/index.php\/wp-json\/wp\/v2\/tags?post=17490"}],"curies":[{"name":"wp","href":"https:\/\/api.w.org\/{rel}","templated":true}]}}