{"id":17486,"date":"2024-02-09T10:42:21","date_gmt":"2024-02-09T13:42:21","guid":{"rendered":"https:\/\/maxradio923.com.ar\/index.php\/2024\/02\/09\/alfredo-cornejo-critico-con-dureza-la-quita-de-subsidios-al-transporte-es-una-decision-tonta-ridicula-poco-inteligente\/"},"modified":"2024-02-09T10:42:21","modified_gmt":"2024-02-09T13:42:21","slug":"alfredo-cornejo-critico-con-dureza-la-quita-de-subsidios-al-transporte-es-una-decision-tonta-ridicula-poco-inteligente","status":"publish","type":"post","link":"https:\/\/maxradio923.com.ar\/index.php\/2024\/02\/09\/alfredo-cornejo-critico-con-dureza-la-quita-de-subsidios-al-transporte-es-una-decision-tonta-ridicula-poco-inteligente\/","title":{"rendered":"Alfredo Cornejo critic\u00f3 con dureza la quita de subsidios al transporte: \u201cEs una decisi\u00f3n tonta, rid\u00edcula, poco inteligente\u201d"},"content":{"rendered":"<p><img decoding=\"async\" src=\"https:\/\/diariod3.com\/wp-content\/uploads\/2024\/02\/cornejo-1-1.png\"\/><\/p>\n<p>La decisi\u00f3n del Gobierno nacional de eliminar el Fondo Compensador del Interior por el que se subsidia a las empresas de colectivos urbanos provoc\u00f3 el rechazo inmediato de gobernadores e intendentes. Y uno de los m\u00e1s duros fue Alfredo Cornejo, de Mendoza, que a pesar de ser uno de los jefes provinciales m\u00e1s cercanos al Gobierno, fue contundente a la hora de calificar la medida.<\/p>\n<p>Luego del freno de la Ley \u00d3mnibus en la C\u00e1mara de Diputados, el Poder Ejecutivo apunt\u00f3 directamente contra los gobernadores, a quienes responsabiliz\u00f3 por la falta de apoyo de sus diputados a algunos de los art\u00edculos de la norma, que hab\u00eda recibido media sanci\u00f3n en general la semana pasada. Incluso, el ministro de Econom\u00eda, Luis \u201cToto\u201d Caputo, si bien minimiz\u00f3 los efectos del traspi\u00e9 parlamentario, hab\u00eda adelantado que se profundizar\u00eda el ajuste. Y eso comenz\u00f3 a ocurrir ayer, con la decisi\u00f3n de eliminar las transferencias que el Estado nacional env\u00eda a las provincias para subsidiar el transporte p\u00fablico.<\/p>\n<p>\u201cLos diputados que trabajan conmigo votaron favorablemente, trabajaron favorablemente para toda la ley \u00f3mnibus. En mi caso la elogi\u00e9 en p\u00fablico varias partes. Creo que es una decisi\u00f3n tonta, rid\u00edcula, poco inteligente. Tonta por donde se la vea\u201d, dijo hoy Cornejo, quien hab\u00eda sido ayer uno de los primeros gobernadores en rechazar la medida.<\/p>\n<p>Durante una entrevista en Radio Miter, el dirigente radical tambi\u00e9n dijo que la decisi\u00f3n del Gobierno nacional estuvo \u201cp\u00e9simamente explicada\u201d porque \u201cel ministro Caputo dice que es para cumplir el pacto fiscal en 2017 que se firm\u00f3 con Macri, pero ese pacto fiscal eliminaba los subsidios para el 2021. Lo dej\u00f3 sin efecto Alberto Fern\u00e1ndez. Eliminaba los subsidios en AMBA y en el interior\u201d.<\/p>\n<p>\u201cEsta decisi\u00f3n solo elimin\u00f3 los subsidios en el interior, en AMBA los est\u00e1 disminuyendo. Es decir, a la administraci\u00f3n Kicillof y a la de Jorge Macri no se los elimin\u00f3. Entonces, ni siquiera la hip\u00f3tesis de que es contra los gobernadores es inteligente. Tiran al voleo\u201d, apunt\u00f3.<\/p>\n<p>La decisi\u00f3n del Gobierno nacional de eliminar el Fondo Compensador del Interior represent\u00f3 unos $102.000 millones en 2023. La medida puede abrir la puerta a fuertes aumentos de transporte en las provincias. En algunos casos podr\u00eda superar los $1.000 si se retiran las subvenciones. Y, a pesar de las quejas (p\u00fablicas y privadas) de algunos gobernadores, el Ejecutivo no dar\u00e1 marcha atr\u00e1s. \u201cSe van a tener que ajustar tambi\u00e9n ellos\u201d, respondi\u00f3 una de las importantes fuentes de la Casa Rosada consultadas por Infobae.<\/p>\n<p>Incluso el ministro del Interior, Guillermo Francos, defendi\u00f3 p\u00fablicamente la medida y dijo que el tema de los subsidios \u201csiempre fue un tema de las provincias\u201d.<\/p>\n<p>\u201cMendoza apoy\u00f3, el presidente Milei y el ministro Caputo saben que es as\u00ed. Est\u00e1n haciendo una cosa poco inteligente, muy tonta, rid\u00edcula. Claro que hay que reducir subsidios en Argentina, pero hay que hacerlo de manera inteligente. No es de esta forma. Los que hicieron las cosas bien est\u00e1n siendo perjudicados\u201d, insisti\u00f3 hoy Cornejo.<\/p>\n<p>El gobernador de Mendoza, quien tambi\u00e9n ocupaba ese cargo cuando se firm\u00f3 el pacto fiscal de 2017, profundiz\u00f3 sus cr\u00edticas contra el presidente Javier Milei al asegurar que est\u00e1 beneficiando \u201ca Kicillof, su principal opositor\u201d al mantener los subsidios en el AMBA. All\u00ed, afirm\u00f3 que, durante la pandemia, el Gobierno nacional, entonces comandado por Alberto Fern\u00e1ndez, le enviaba fondos para los subsidios al transporte \u201cpara que los colectivos viajen vac\u00edos, porque estaba prohibida la circulaci\u00f3n\u201d.<\/p>\n<p>\u201cYo lo hago (apoyar) por convicci\u00f3n y porque creo que alguien tiene que hacer un cambio de modelo econ\u00f3mico. Yo en Mendoza intento que el Estado no tenga d\u00e9ficit. El que contribuye al d\u00e9ficit, en primer lugar, es el Estado nacional, y algunas provincias que han sido asistidas por el Estado nacional con transferencias discrecionales, como es el caso de la provincia de Buenos Aires. Mendoza no est\u00e1 en d\u00e9ficit, y no lo estuvo en estos \u00faltimos 6 o 7 a\u00f1os. Tiene que ir sobre los lugares que s\u00ed generan d\u00e9ficit. Uno es el Estado nacional y el otro es la provincia de Buenos Aires\u201d, advirti\u00f3.<\/p>\n<p>\u201cEntonces, que apunte a hacer el ajuste de manera inteligente y no bombardear a todos por igual. Y ni siquiera est\u00e1 bombardeando a todos, porque resulta que Kicillof es su principal opositor y le est\u00e1 subsidiando el boleto en el AMBA. O no entienden el sistema, que es otro tema, no entienden la administraci\u00f3n del Estado en estos aspectos, al menos\u201d, cerr\u00f3 Cornejo.<\/p>\n<p>Fuente: Infobae<\/p>\n<p>Rivero Cecilia<\/p>\n<p>La entrada <a href=\"https:\/\/diariod3.com\/alfredo-cornejo-critico-con-dureza-la-quita-de-subsidios-al-transporte-es-una-decision-tonta-ridicula-poco-inteligente\/\" rel=\"noreferrer noopener\" target=\"_blank\">Alfredo Cornejo critic\u00f3 con dureza la quita de subsidios al transporte: \u201cEs una decisi\u00f3n tonta, rid\u00edcula, poco inteligente\u201d<\/a> se public\u00f3 primero en <a href=\"https:\/\/diariod3.com\/\" rel=\"noreferrer noopener\" target=\"_blank\">DIARIO D3 NOTICIAS | SAN JUAN ARGENTINA<\/a>.<\/p>\n","protected":false},"excerpt":{"rendered":"<p>La decisi\u00f3n del Gobierno nacional de eliminar el Fondo Compensador del Interior por el que se subsidia a las empresas de colectivos urbanos provoc\u00f3 el rechazo inmediato de gobernadores e intendentes. Y uno de los m\u00e1s duros fue Alfredo Cornejo, de Mendoza, que a pesar de ser uno de los jefes provinciales m\u00e1s cercanos al Gobierno, fue contundente a la hora de calificar la medida.<\/p>\n<p>Luego del freno de la Ley \u00d3mnibus en la C\u00e1mara de Diputados, el Poder Ejecutivo apunt\u00f3 directamente contra los gobernadores, a quienes responsabiliz\u00f3 por la falta de apoyo de sus diputados a algunos de los art\u00edculos de la norma, que hab\u00eda recibido media sanci\u00f3n en general la semana pasada. Incluso, el ministro de Econom\u00eda, Luis \u201cToto\u201d Caputo, si bien minimiz\u00f3 los efectos del traspi\u00e9 parlamentario, hab\u00eda adelantado que se profundizar\u00eda el ajuste. Y eso comenz\u00f3 a ocurrir ayer, con la decisi\u00f3n de eliminar las transferencias que el Estado nacional env\u00eda a las provincias para subsidiar el transporte p\u00fablico.<\/p>\n<p>\u201cLos d..<\/p>\n","protected":false},"author":2,"featured_media":17487,"comment_status":"","ping_status":"","sticky":false,"template":"","format":"standard","meta":{"footnotes":""},"categories":[12],"tags":[],"_links":{"self":[{"href":"https:\/\/maxradio923.com.ar\/index.php\/wp-json\/wp\/v2\/posts\/17486"}],"collection":[{"href":"https:\/\/maxradio923.com.ar\/index.php\/wp-json\/wp\/v2\/posts"}],"about":[{"href":"https:\/\/maxradio923.com.ar\/index.php\/wp-json\/wp\/v2\/types\/post"}],"author":[{"embeddable":true,"href":"https:\/\/maxradio923.com.ar\/index.php\/wp-json\/wp\/v2\/users\/2"}],"replies":[{"embeddable":true,"href":"https:\/\/maxradio923.com.ar\/index.php\/wp-json\/wp\/v2\/comments?post=17486"}],"version-history":[{"count":0,"href":"https:\/\/maxradio923.com.ar\/index.php\/wp-json\/wp\/v2\/posts\/17486\/revisions"}],"wp:featuredmedia":[{"embeddable":true,"href":"https:\/\/maxradio923.com.ar\/index.php\/wp-json\/wp\/v2\/media\/17487"}],"wp:attachment":[{"href":"https:\/\/maxradio923.com.ar\/index.php\/wp-json\/wp\/v2\/media?parent=17486"}],"wp:term":[{"taxonomy":"category","embeddable":true,"href":"https:\/\/maxradio923.com.ar\/index.php\/wp-json\/wp\/v2\/categories?post=17486"},{"taxonomy":"post_tag","embeddable":true,"href":"https:\/\/maxradio923.com.ar\/index.php\/wp-json\/wp\/v2\/tags?post=17486"}],"curies":[{"name":"wp","href":"https:\/\/api.w.org\/{rel}","templated":true}]}}