{"id":17462,"date":"2024-02-09T10:39:10","date_gmt":"2024-02-09T13:39:10","guid":{"rendered":"https:\/\/maxradio923.com.ar\/index.php\/2024\/02\/09\/el-jachal-rock-regresa-despues-de-6-anos\/"},"modified":"2024-02-09T10:39:10","modified_gmt":"2024-02-09T13:39:10","slug":"el-jachal-rock-regresa-despues-de-6-anos","status":"publish","type":"post","link":"https:\/\/maxradio923.com.ar\/index.php\/2024\/02\/09\/el-jachal-rock-regresa-despues-de-6-anos\/","title":{"rendered":"El J\u00e1chal Rock Regresa Despu\u00e9s de 6 A\u00f1os"},"content":{"rendered":"<p><img decoding=\"async\" src=\"https:\/\/diariod3.com\/wp-content\/uploads\/2024\/02\/426613532_706121345007955_4641761394449121747_n.jpg\"\/> <\/p>\n<p>La tan esperada vuelta del J\u00e1chal Rock est\u00e1 a la vuelta de la esquina, y aqu\u00ed te compartimos todos los detalles para que no te pierdas este emocionante evento musical. Despu\u00e9s de seis a\u00f1os de ausencia, el J\u00e1chal Rock regresa para deleitar a los fan\u00e1ticos y fan\u00e1ticas de este g\u00e9nero musical.<\/p>\n<p>En una reciente conferencia de prensa se revelaron todos los pormenores del evento, que se llevar\u00e1 a cabo el 24 de febrero en el Anfiteatro Buenaventura Luna, a partir de las 19 horas. La jornada promete ser inolvidable, con dos escenarios que albergar\u00e1n actuaciones de destacados artistas locales y nacionales. Adem\u00e1s, habr\u00e1 puestos de venta de bebidas y comidas para satisfacer todos los gustos.<\/p>\n<p>El respaldo a eventos como el J\u00e1chal Rock es fundamental, ya que proporcionan espacios de expresi\u00f3n para diversos artistas, brindando oportunidades tanto a las juventudes como a las familias para disfrutar de momentos \u00fanicos. La iniciativa tambi\u00e9n ofrece a emprendedores la posibilidad de exhibir y vender sus productos, contribuyendo as\u00ed a la dinamizaci\u00f3n econ\u00f3mica local. Adem\u00e1s, se busca incentivar la visita de turistas a nuestra ciudad, enriqueciendo la experiencia cultural y fortaleciendo los lazos comunitarios.<\/p>\n<p>La pregunta es: \u00bfC\u00f3mo te est\u00e1s preparando para el J\u00e1chal Rock? Aseg\u00farate de tener todo listo para disfrutar al m\u00e1ximo de este esperado regreso, donde la m\u00fasica, la diversi\u00f3n y la camarader\u00eda se unir\u00e1n para crear una experiencia inigualable. \u00a1Nos vemos el 24 de febrero en el Anfiteatro Buenaventura Luna para vibrar al ritmo del J\u00e1chal Rock!<\/p>\n<p>La entrada El J\u00e1chal Rock Regresa Despu\u00e9s de 6 A\u00f1os se public\u00f3 primero en DIARIO D3 NOTICIAS | SAN JUAN ARGENTINA.<\/p>\n","protected":false},"excerpt":{"rendered":"<p>La tan esperada vuelta del J\u00e1chal Rock est\u00e1 a la vuelta de la esquina, y aqu\u00ed te compartimos todos los detalles para que no te pierdas este emocionante evento musical. Despu\u00e9s de seis a\u00f1os de ausencia, el J\u00e1chal Rock regresa para deleitar a los fan\u00e1ticos y fan\u00e1ticas de este g\u00e9nero musical.<br \/>\n En una reciente conferencia de prensa se revelaron todos los pormenores del evento, que se llevar\u00e1 a cabo el 24 de febrero en el Anfiteatro Buenaventura Luna, a partir de las 19 horas. La jornada promete ser inolvidable, con dos escenarios que albergar\u00e1n actuaciones de destacados artistas locales y nacionales. Adem\u00e1s, habr\u00e1 puestos de venta de bebidas y comidas para satisfacer todos los gustos.<br \/>\n El respaldo a eventos como el J\u00e1chal Rock es fundamental, ya que proporcionan espacios de expresi\u00f3n para diversos artistas, brindando oportunidades tanto a las juventudes como a las familias para disfrutar de momentos \u00fanicos. La iniciativa tambi\u00e9n ofrece a emprendedores la posibilidad de exhibir y vender sus..<\/p>\n","protected":false},"author":2,"featured_media":17463,"comment_status":"","ping_status":"","sticky":false,"template":"","format":"standard","meta":{"footnotes":""},"categories":[10],"tags":[],"_links":{"self":[{"href":"https:\/\/maxradio923.com.ar\/index.php\/wp-json\/wp\/v2\/posts\/17462"}],"collection":[{"href":"https:\/\/maxradio923.com.ar\/index.php\/wp-json\/wp\/v2\/posts"}],"about":[{"href":"https:\/\/maxradio923.com.ar\/index.php\/wp-json\/wp\/v2\/types\/post"}],"author":[{"embeddable":true,"href":"https:\/\/maxradio923.com.ar\/index.php\/wp-json\/wp\/v2\/users\/2"}],"replies":[{"embeddable":true,"href":"https:\/\/maxradio923.com.ar\/index.php\/wp-json\/wp\/v2\/comments?post=17462"}],"version-history":[{"count":0,"href":"https:\/\/maxradio923.com.ar\/index.php\/wp-json\/wp\/v2\/posts\/17462\/revisions"}],"wp:featuredmedia":[{"embeddable":true,"href":"https:\/\/maxradio923.com.ar\/index.php\/wp-json\/wp\/v2\/media\/17463"}],"wp:attachment":[{"href":"https:\/\/maxradio923.com.ar\/index.php\/wp-json\/wp\/v2\/media?parent=17462"}],"wp:term":[{"taxonomy":"category","embeddable":true,"href":"https:\/\/maxradio923.com.ar\/index.php\/wp-json\/wp\/v2\/categories?post=17462"},{"taxonomy":"post_tag","embeddable":true,"href":"https:\/\/maxradio923.com.ar\/index.php\/wp-json\/wp\/v2\/tags?post=17462"}],"curies":[{"name":"wp","href":"https:\/\/api.w.org\/{rel}","templated":true}]}}