{"id":17460,"date":"2024-02-08T19:32:32","date_gmt":"2024-02-08T22:32:32","guid":{"rendered":"https:\/\/maxradio923.com.ar\/index.php\/2024\/02\/08\/dividir-la-ley-omnibus-en-tres-como-es-la-propuesta-que-los-diputados-libertarios-le-llevaran-a-milei\/"},"modified":"2024-02-08T19:32:32","modified_gmt":"2024-02-08T22:32:32","slug":"dividir-la-ley-omnibus-en-tres-como-es-la-propuesta-que-los-diputados-libertarios-le-llevaran-a-milei","status":"publish","type":"post","link":"https:\/\/maxradio923.com.ar\/index.php\/2024\/02\/08\/dividir-la-ley-omnibus-en-tres-como-es-la-propuesta-que-los-diputados-libertarios-le-llevaran-a-milei\/","title":{"rendered":"Dividir la Ley \u00d3mnibus en tres: c\u00f3mo es la propuesta que los diputados libertarios le llevar\u00e1n a Milei"},"content":{"rendered":"<ul>\n<li>Oscar Zago tiene previsto reunirse la semana que viene con el Presidente para definir la estrategia legislativa.<\/li>\n<li>Se comenzar\u00e1 a tratar a partir de marzo en el per\u00edodo ordinario del Congreso.<\/li>\n<\/ul>\n","protected":false},"excerpt":{"rendered":"<p>Oscar Zago tiene previsto reunirse la semana que viene con el Presidente para definir la estrategia legislativa.Se comenzar\u00e1 a tratar a partir de marzo en el per\u00edodo ordinario del Congreso.<\/p>\n","protected":false},"author":2,"featured_media":17461,"comment_status":"","ping_status":"","sticky":false,"template":"","format":"standard","meta":{"footnotes":""},"categories":[7],"tags":[],"_links":{"self":[{"href":"https:\/\/maxradio923.com.ar\/index.php\/wp-json\/wp\/v2\/posts\/17460"}],"collection":[{"href":"https:\/\/maxradio923.com.ar\/index.php\/wp-json\/wp\/v2\/posts"}],"about":[{"href":"https:\/\/maxradio923.com.ar\/index.php\/wp-json\/wp\/v2\/types\/post"}],"author":[{"embeddable":true,"href":"https:\/\/maxradio923.com.ar\/index.php\/wp-json\/wp\/v2\/users\/2"}],"replies":[{"embeddable":true,"href":"https:\/\/maxradio923.com.ar\/index.php\/wp-json\/wp\/v2\/comments?post=17460"}],"version-history":[{"count":0,"href":"https:\/\/maxradio923.com.ar\/index.php\/wp-json\/wp\/v2\/posts\/17460\/revisions"}],"wp:featuredmedia":[{"embeddable":true,"href":"https:\/\/maxradio923.com.ar\/index.php\/wp-json\/wp\/v2\/media\/17461"}],"wp:attachment":[{"href":"https:\/\/maxradio923.com.ar\/index.php\/wp-json\/wp\/v2\/media?parent=17460"}],"wp:term":[{"taxonomy":"category","embeddable":true,"href":"https:\/\/maxradio923.com.ar\/index.php\/wp-json\/wp\/v2\/categories?post=17460"},{"taxonomy":"post_tag","embeddable":true,"href":"https:\/\/maxradio923.com.ar\/index.php\/wp-json\/wp\/v2\/tags?post=17460"}],"curies":[{"name":"wp","href":"https:\/\/api.w.org\/{rel}","templated":true}]}}