{"id":17450,"date":"2024-02-08T19:30:33","date_gmt":"2024-02-08T22:30:33","guid":{"rendered":"https:\/\/maxradio923.com.ar\/index.php\/2024\/02\/08\/la-organizacion-padres-en-lucha-fue-recibida-por-la-ministra-de-gobierno\/"},"modified":"2024-02-08T19:30:33","modified_gmt":"2024-02-08T22:30:33","slug":"la-organizacion-padres-en-lucha-fue-recibida-por-la-ministra-de-gobierno","status":"publish","type":"post","link":"https:\/\/maxradio923.com.ar\/index.php\/2024\/02\/08\/la-organizacion-padres-en-lucha-fue-recibida-por-la-ministra-de-gobierno\/","title":{"rendered":"La organizaci\u00f3n \u00abPadres en lucha\u00bb fue recibida por la ministra de Gobierno"},"content":{"rendered":"<p><img decoding=\"async\" src=\"https:\/\/diariod3.com\/wp-content\/uploads\/2024\/02\/53516922713_32af72f6fc_b.jpg\"\/>   <\/p>\n<p>La ministra Palma inform\u00f3 que comenzar\u00e1n con el tr\u00e1mite.<\/p>\n<p>     <img decoding=\"async\" src=\"https:\/\/sisanjuan.b-cdn.net\/media\/k2\/items\/cache\/42ccd589d12a9cf2ee4a466b7165f3f8_L.jpg\" alt=\"Gestionan personer\u00eda jur\u00eddica para una organizaci\u00f3n de padres\"\/>    <\/p>\n<p>En Sala Huarpes del Ministerio de Gobierno, la organizaci\u00f3n \u00abPadres en lucha\u00bb fueron recibidos por la ministra de Gobierno, Laura Palma, acompa\u00f1ada por la directora del Registro del Estado Civil y Capacidad de las Personas, Ver\u00f3nica Benedetto.<\/p>\n<p>De esta manera, padres y madres impedidos de estar con sus hijos por trabas judiciales solicitaron a las autoridades del Ejecutivo priorizar la infancia por sobre la situaci\u00f3n de los progenitores o tutelares.<\/p>\n<p>Como respuesta, la ministra los impuls\u00f3 a realizar el tr\u00e1mite de Personer\u00eda Jur\u00eddica, que se gestiona en el Ministerio, para tener m\u00e1s respuestas como entidad.<\/p>\n<p>El Ministerio se puso a disposici\u00f3n de los padres para que se preserve los derechos del ni\u00f1o por sobre todo, y se comprometi\u00f3 a mediar con la Justicia para llevarles las inquietudes de las causas que a\u00fan est\u00e1n sin resoluci\u00f3n y que sentencia hace a\u00f1os.<\/p>\n<p><img decoding=\"async\" src=\"https:\/\/live.staticflickr.com\/65535\/53516922658_a3a4e0a31c_b.jpg\"\/><\/p>\n<p>Por otra parte, la ministra Laura Palma los invit\u00f3 a sumarse a las actividades organizadas con las uniones civiles y ONG\u00b4s . Tambi\u00e9n, asegur\u00f3 poner en conocimiento del \u00e1rea de Derechos Humanos del ministerio para que los acompa\u00f1e en su causa.<\/p>\n<p>Estuvieron presentes Lucas Valsecchi, Asociaci\u00f3n civil Infancia por m\u00e1s Justicia; Emilia Palacio Flores, presidente de la Asociaci\u00f3n Civil Pap\u00e1s en Lucha, acompa\u00f1ada por un miembro de la entidad, Milton Heredia.<\/p>\n<p>OPERADOR: EUGENIA VILA<\/p>\n<p>La entrada La organizaci\u00f3n \u00abPadres en lucha\u00bb fue recibida por la ministra de Gobierno se public\u00f3 primero en DIARIO D3 NOTICIAS | SAN JUAN ARGENTINA.<\/p>\n","protected":false},"excerpt":{"rendered":"<p>La ministra Palma inform\u00f3 que comenzar\u00e1n con el tr\u00e1mite.<br \/>\n En Sala Huarpes del Ministerio de Gobierno, la organizaci\u00f3n \u00abPadres en lucha\u00bb fueron recibidos por la ministra de Gobierno, Laura Palma, acompa\u00f1ada por la directora del Registro del Estado Civil y Capacidad de las Personas, Ver\u00f3nica Benedetto.<br \/>\n De esta manera, padres y madres impedidos de estar con sus hijos por trabas judiciales solicitaron a las autoridades del Ejecutivo priorizar la infancia por sobre la situaci\u00f3n de los progenitores o tutelares.<br \/>\n Como respuesta, la ministra los impuls\u00f3 a realizar el tr\u00e1mite de Personer\u00eda Jur\u00eddica, que se gestiona en el Ministerio, para tener m\u00e1s respuestas como entidad.<br \/>\n El Ministerio se puso a disposici\u00f3n de los padres para que se preserve los derechos del ni\u00f1o por sobre todo, y se comprometi\u00f3 a mediar con la Justicia para llevarles las inquietudes de las causas que a\u00fan est\u00e1n sin resoluci\u00f3n y que sentencia hace a\u00f1os.<\/p>\n<p> Por otra parte, la ministra Laura Palma los invit\u00f3 a sumarse a las activ..<\/p>\n","protected":false},"author":2,"featured_media":17451,"comment_status":"","ping_status":"","sticky":false,"template":"","format":"standard","meta":{"footnotes":""},"categories":[8],"tags":[],"_links":{"self":[{"href":"https:\/\/maxradio923.com.ar\/index.php\/wp-json\/wp\/v2\/posts\/17450"}],"collection":[{"href":"https:\/\/maxradio923.com.ar\/index.php\/wp-json\/wp\/v2\/posts"}],"about":[{"href":"https:\/\/maxradio923.com.ar\/index.php\/wp-json\/wp\/v2\/types\/post"}],"author":[{"embeddable":true,"href":"https:\/\/maxradio923.com.ar\/index.php\/wp-json\/wp\/v2\/users\/2"}],"replies":[{"embeddable":true,"href":"https:\/\/maxradio923.com.ar\/index.php\/wp-json\/wp\/v2\/comments?post=17450"}],"version-history":[{"count":0,"href":"https:\/\/maxradio923.com.ar\/index.php\/wp-json\/wp\/v2\/posts\/17450\/revisions"}],"wp:featuredmedia":[{"embeddable":true,"href":"https:\/\/maxradio923.com.ar\/index.php\/wp-json\/wp\/v2\/media\/17451"}],"wp:attachment":[{"href":"https:\/\/maxradio923.com.ar\/index.php\/wp-json\/wp\/v2\/media?parent=17450"}],"wp:term":[{"taxonomy":"category","embeddable":true,"href":"https:\/\/maxradio923.com.ar\/index.php\/wp-json\/wp\/v2\/categories?post=17450"},{"taxonomy":"post_tag","embeddable":true,"href":"https:\/\/maxradio923.com.ar\/index.php\/wp-json\/wp\/v2\/tags?post=17450"}],"curies":[{"name":"wp","href":"https:\/\/api.w.org\/{rel}","templated":true}]}}