{"id":17448,"date":"2024-02-08T19:30:27","date_gmt":"2024-02-08T22:30:27","guid":{"rendered":"https:\/\/maxradio923.com.ar\/index.php\/2024\/02\/08\/la-queja-de-los-gobernadores-por-la-eliminacion-de-subsidios-al-transporte-en-el-interior\/"},"modified":"2024-02-08T19:30:27","modified_gmt":"2024-02-08T22:30:27","slug":"la-queja-de-los-gobernadores-por-la-eliminacion-de-subsidios-al-transporte-en-el-interior","status":"publish","type":"post","link":"https:\/\/maxradio923.com.ar\/index.php\/2024\/02\/08\/la-queja-de-los-gobernadores-por-la-eliminacion-de-subsidios-al-transporte-en-el-interior\/","title":{"rendered":"La queja de los gobernadores por la eliminaci\u00f3n de subsidios al transporte en el interior"},"content":{"rendered":"<p><img decoding=\"async\" src=\"https:\/\/diariod3.com\/wp-content\/uploads\/2024\/01\/redtulum-1.jpg\"\/><\/p>\n<p>De San Juan y Mendoza a Santa Fe y Buenos Aires, los mandatarios coinciden que los afectados son los pasajeros y no los gobiernos.<\/p>\n<p>En medio del conflicto con los gobernadores por la ca\u00edda de la Ley \u00d3mnibus en la C\u00e1mara de Diputados, el gobierno de Javier Milei, a trav\u00e9s de la Secretar\u00eda de Transporte, decidi\u00f3 eliminar el Fondo Compensador del Interior por el cual se subsidiaban a las empresas de colectivos urbanos del interior del pa\u00eds. La decisi\u00f3n fue anunciada esta ma\u00f1ana a trav\u00e9s de un comunicado oficial y tuvo una repercusi\u00f3n negativa en las provincias.<\/p>\n<p>Pasadas algunas horas de conocida la medida, los gobernadores de distintos partidos pol\u00edticos comenzaron a manifestar su disconformidad. Muchos de ellos ven en el momento de la comunicaci\u00f3n un dato clave. Fue justo despu\u00e9s de que la ley fracasara y el Presidente acusara los mandatarios de \u201ctraidores\u201d y a los legisladores que les responden de \u201cdelincuentes\u201d. Un pase de factura que aumenta la tensi\u00f3n en el v\u00ednculo pol\u00edtico entre los mandatarios y la Casa Rosada.<\/p>\n<p>En San Juan y Buenos Aires, provincias gobernadas por Marcelo Orrego y Axel Kicillof, coinciden en que \u201cel mayor impacto de la medida lo tendr\u00e1 la gente\u201d. En el gobierno sanjuanino sostienen que la decisi\u00f3n \u201cimpacta en el sector de la sociedad m\u00e1s necesitado\u201d, mientras que en La Plata sostienen que la quita \u201cser\u00e1 un golpe a la gente y no al Gobierno\u201d.<\/p>\n<p>El gobernador de Santa Fe, Maximiliano Pullaro, destac\u00f3 que a la provincia que gestiona \u201csiempre la han discriminado\u201d. En ese sentido, agreg\u00f3: \u201cComo siempre, la provincia de Santa Fe sola le puso el pecho a los problemas. Nunca cre\u00edmos que se iban a cortar los subsidios\u201d. La medida sorprendi\u00f3 y enrarece, a\u00fan m\u00e1s, el v\u00ednculo pol\u00edtico entre la Casa Rosada y los gobernadores.<\/p>\n<p>Pullaro asegur\u00f3 que a la provincia \u201cse le quitan 1500 millones de pesos por mes\u201d, que era una parte de los subsidios que daba la Naci\u00f3n para sostener los subsidios al transporte. \u201cOtra vez nos dejan solos. Hay una discriminaci\u00f3n sobre el interior de la Argentina en materia de subsidios\u201d, sentenci\u00f3 el mandatario, que ayer sufri\u00f3 la suspensi\u00f3n de una reuni\u00f3n con el ministro de Econom\u00eda, Luis Caputo, por una supuesta cuesti\u00f3n de agenda.<\/p>\n<p>El mandatario de Mendoza, Alfredo Cornejo, fue otro de los mandatarios que elev\u00f3 la voz en referencia a la quita de subsidios. \u201cLa eliminaci\u00f3n de subsidios de transporte para el interior del pa\u00eds, sosteniendo los del AMBA, incumple el Pacto Fiscal de 2017. Se mantienen fuertes asimetr\u00edas entre el conurbano bonaerense y el resto del pa\u00eds. Bienvenido el orden fiscal, pero debe ser equitativo\u201d, escribi\u00f3 en sus redes sociales.<\/p>\n<p>Los intendentes de las principales ciudades del pa\u00eds emitieron un comunicado marcaron su \u201cextrema preocupaci\u00f3n\u201d y destacaron que la medida \u201cno es contra los intendentes, es contra los millones de estudiantes, enfermeros, trabajadores que diariamente utilizan el transporte p\u00fablico para movilizarse en sus respectivas ciudades\u201d.<\/p>\n<p>Adem\u00e1s consideraron que la determinaci\u00f3n afecta de \u201cforma directa\u201d la productividad del pa\u00eds. Fueron terminantes al marcar que \u201cla medida implicar\u00eda dejar sin transporte a todo el interior del pa\u00eds\u201d y que sostiene \u201cla inequidad con el AMBA, ya que la eliminaci\u00f3n solo est\u00e1 planteada para el interior\u201d. Un total de 17 intendentes firmaron el texto que tiene el respaldo de m\u00e1s de cien jefes comunales de todo el pa\u00eds.<\/p>\n<p>El rechazo fue respaldado por Damian Bernarte (San Francisco), Daniel Passerini (C\u00f3rdoba capital), Eduardo Accastello (Villa Mar\u00eda), Emiliano Durand (Salta), Guillermo Montenegro (Mar del Plata), Javier Mart\u00ednez (Pergamino), Jorge Jofr\u00e9 (Formosa), Juan Manuel Llamosas (R\u00edo Cuarto), Juan Pablo Poletti (Santa Fe), Marcos Ferrer (R\u00edo Tercero), Mariano Gaido (Neuqu\u00e9n) Pablo Javkin (Rosario), Pablo Petracca (Jun\u00edn), Ra\u00fal Jorge (San Salvador de Jujuy), Rosario Romero (Paran\u00e1), Roy Nikisch (Resistencia) y Santiago Passaglia (San Nicol\u00e1s)<\/p>\n<p>La entrada <a href=\"https:\/\/diariod3.com\/la-queja-de-los-gobernadores-por-la-eliminacion-de-subsidios-al-transporte-en-el-interior\/\" rel=\"noreferrer noopener\" target=\"_blank\">La queja de los gobernadores por la eliminaci\u00f3n de subsidios al transporte en el interior<\/a> se public\u00f3 primero en <a href=\"https:\/\/diariod3.com\/\" rel=\"noreferrer noopener\" target=\"_blank\">DIARIO D3 NOTICIAS | SAN JUAN ARGENTINA<\/a>.<\/p>\n","protected":false},"excerpt":{"rendered":"<p>De San Juan y Mendoza a Santa Fe y Buenos Aires, los mandatarios coinciden que los afectados son los pasajeros y no los gobiernos.<\/p>\n<p>En medio del conflicto con los gobernadores por la ca\u00edda de la Ley \u00d3mnibus en la C\u00e1mara de Diputados, el gobierno de Javier Milei, a trav\u00e9s de la Secretar\u00eda de Transporte, decidi\u00f3 eliminar el Fondo Compensador del Interior por el cual se subsidiaban a las empresas de colectivos urbanos del interior del pa\u00eds. La decisi\u00f3n fue anunciada esta ma\u00f1ana a trav\u00e9s de un comunicado oficial y tuvo una repercusi\u00f3n negativa en las provincias.<\/p>\n<p>Pasadas algunas horas de conocida la medida, los gobernadores de distintos partidos pol\u00edticos comenzaron a manifestar su disconformidad. Muchos de ellos ven en el momento de la comunicaci\u00f3n un dato clave. Fue justo despu\u00e9s de que la ley fracasara y el Presidente acusara los mandatarios de \u201ctraidores\u201d y a los legisladores que les responden de \u201cdelincuentes\u201d. Un pase de factura que aumenta la tensi\u00f3n en el v\u00ednculo pol\u00edtico entre los..<\/p>\n","protected":false},"author":2,"featured_media":17449,"comment_status":"","ping_status":"","sticky":false,"template":"","format":"standard","meta":{"footnotes":""},"categories":[12],"tags":[],"_links":{"self":[{"href":"https:\/\/maxradio923.com.ar\/index.php\/wp-json\/wp\/v2\/posts\/17448"}],"collection":[{"href":"https:\/\/maxradio923.com.ar\/index.php\/wp-json\/wp\/v2\/posts"}],"about":[{"href":"https:\/\/maxradio923.com.ar\/index.php\/wp-json\/wp\/v2\/types\/post"}],"author":[{"embeddable":true,"href":"https:\/\/maxradio923.com.ar\/index.php\/wp-json\/wp\/v2\/users\/2"}],"replies":[{"embeddable":true,"href":"https:\/\/maxradio923.com.ar\/index.php\/wp-json\/wp\/v2\/comments?post=17448"}],"version-history":[{"count":0,"href":"https:\/\/maxradio923.com.ar\/index.php\/wp-json\/wp\/v2\/posts\/17448\/revisions"}],"wp:featuredmedia":[{"embeddable":true,"href":"https:\/\/maxradio923.com.ar\/index.php\/wp-json\/wp\/v2\/media\/17449"}],"wp:attachment":[{"href":"https:\/\/maxradio923.com.ar\/index.php\/wp-json\/wp\/v2\/media?parent=17448"}],"wp:term":[{"taxonomy":"category","embeddable":true,"href":"https:\/\/maxradio923.com.ar\/index.php\/wp-json\/wp\/v2\/categories?post=17448"},{"taxonomy":"post_tag","embeddable":true,"href":"https:\/\/maxradio923.com.ar\/index.php\/wp-json\/wp\/v2\/tags?post=17448"}],"curies":[{"name":"wp","href":"https:\/\/api.w.org\/{rel}","templated":true}]}}