{"id":17446,"date":"2024-02-08T19:30:26","date_gmt":"2024-02-08T22:30:26","guid":{"rendered":"https:\/\/maxradio923.com.ar\/index.php\/2024\/02\/08\/embajador-de-israel-considera-que-la-visita-de-milei-fue-muy-buena-y-profundiza-cooperacion\/"},"modified":"2024-02-08T19:30:26","modified_gmt":"2024-02-08T22:30:26","slug":"embajador-de-israel-considera-que-la-visita-de-milei-fue-muy-buena-y-profundiza-cooperacion","status":"publish","type":"post","link":"https:\/\/maxradio923.com.ar\/index.php\/2024\/02\/08\/embajador-de-israel-considera-que-la-visita-de-milei-fue-muy-buena-y-profundiza-cooperacion\/","title":{"rendered":"Embajador de Israel considera que la visita de Milei fue \u00abmuy buena\u00bb y profundiza cooperaci\u00f3n"},"content":{"rendered":"<p><img decoding=\"async\" src=\"https:\/\/diariod3.com\/wp-content\/uploads\/2024\/02\/08-02-2024_el_presidente_javier_milei_visito.jpeg_1536916664.webp\"\/><\/p>\n<p>El diplom\u00e1tico tambi\u00e9n destac\u00f3 las reuniones de la canciller Diana Mondino con funcionarios como los ministros de Agricultura, de Ciencia y empresarios de rubros de agua y minerales<\/p>\n<figure>\n<figure><img decoding=\"async\" src=\"https:\/\/www.diariodecuyo.com.ar\/__export\/1707426178326\/sites\/diariodecuyo\/img\/2024\/02\/08\/08-02-2024_el_presidente_javier_milei_visito.jpeg_1536916664.jpeg\" alt=\"Embajador de Israel considera que la visita de Milei fue \"\/><\/figure>\n<\/figure>\n<p>El embajador de Israel en la Argentina, Eyal Sela, calific\u00f3 hoy de \u00abmuy buena\u00bb a la visita del presidente Javier Milei a su pa\u00eds; destac\u00f3 la formaci\u00f3n de un \u00abcomit\u00e9 especial\u00bb de las canciller\u00edas de ambas naciones para \u00abdefinir temas espec\u00edficos de cooperaci\u00f3n\u00bb y coincidi\u00f3 con el mandatario argentino en que el movimiento islamista palestino Hamas act\u00faa como el nazismo.<\/p>\n<p>\u00abEstamos muy contentos, fue una muy buena visita, con varios componentes\u00bb, como numerosas reuniones con funcionarios y empresarios, visitas a lugares sagrados y encuentros con familiares de secuestrados por Hamas, detall\u00f3 a T\u00e9lam el embajador Sela.<\/p>\n<p>El diplom\u00e1tico repas\u00f3 como hitos del viaje de Milei los encuentros con el presidente Isaac Herzog y el premier Benjamin Netanyahu; la visita \u00abmuy importante y emocional al kibutz Nir Oz (atacado en octubre por Hamas), la reuni\u00f3n con familiares de secuestrados argentinos y v\u00edctimas que regresaron de Gaza, y las visitas al Muro de los Lamentos y a la Iglesia del Santo Sepulcro\u00bb.<\/p>\n<p>Tambi\u00e9n destac\u00f3 las reuniones de la canciller Diana Mondino con funcionarios como los ministros de Agricultura, de Ciencia y empresarios de rubros de agua y minerales para \u00abver como podemos seguir colaborando en estos temas\u00bb.<\/p>\n<p>\u00abFue una visita positiva, importante, es todo lo que se pudo hacer porque a\u00fan estamos en guerra, pero estamos muy contentos\u00bb, abund\u00f3 el embajador.<\/p>\n<p>En cuanto a la colaboraci\u00f3n bilateral, Sela indic\u00f3 a T\u00e9lam que \u00abse avanz\u00f3 para mejorar en todos los \u00e1mbitos, y formar un comit\u00e9 especial por parte de las dos canciller\u00edas para definir temas espec\u00edficos de cooperaci\u00f3n\u00bb.<\/p>\n<p>Asimismo, resalt\u00f3 que \u00abel Presidente (Milei) tiene muy firmes opiniones e ideas que declar\u00f3 en varios momentos en la visita y hoy en el kibutz; declar\u00f3 todos esos puntos de vista de solidaridad con el pueblo jud\u00edo y que la comunidad no puede ser indiferente ante lo que est\u00e1 sucediendo; estamos muy contentos de escucharlo\u00bb.<\/p>\n<p>En ese punto, coincidi\u00f3 con Milei en que \u00abHamas es similar al nazismo; no vimos desde el Holocausto este tipo de ataques, de quemar vivas y decapitar a las personas, de violar a las mujeres, matar y secuestrar ni\u00f1os. No es del tama\u00f1o del Holocausto pero similar en el Siglo XXI esta forma de matar inocentes, el plan de matar a todos\u00bb.<\/p>\n<p>Acerca de si hay noticias sobre las personas que permanecen secuestradas, Sela dijo que \u00ablamentablemente no\u00bb y expres\u00f3 que \u00abmuchos familiares no saben incluso si sus parientes reciben los medicamentos\u00bb.<\/p>\n<p>En ese marco se\u00f1al\u00f3 que fueron \u00abmuy emocionantes las im\u00e1genes\u00bb de los encuentros con Ofelia Roitman, quien estuvo secuestrada, y con los padres de la familia Cunio, que permanece cautiva de Hamas.<\/p>\n<p>Sela dijo que \u00abexpresamos nuevamente el agradecimiento a todos en la Argentina, al gobierno anterior y al actual\u00bb por su colaboraci\u00f3n para lograr la liberaci\u00f3n de los rehenes.<\/p>\n<p>Y reiter\u00f3 que entre los prisioneros, despu\u00e9s de los israel\u00edes, \u00abla cifra de aquellos que tiene nacionalidad argentina es una de las m\u00e1s altas\u00bb, por lo cual \u00abla voz de Argentina es muy importante\u00bb.<\/p>\n<p>Tambi\u00e9n celebr\u00f3 la decisi\u00f3n de Milei de trasladar la embajada argentina en Israel a Jerusal\u00e9n porque, dijo, \u00abes nuestra capital, all\u00ed est\u00e1 nuestro gobierno, y todos los l\u00edderes del mundo vienen a esta ciudad\u00bb.<\/p>\n<p>\u00abEstamos agradecidos con cada pa\u00eds que decide mover su embajada a Jerusal\u00e9n. Argentina lo va a hacer en su forma y los vamos a apoyar en cualquier necesidad\u00bb, enfatiz\u00f3.<\/p>\n<p>En cuanto a una futura visita de funcionarios israel\u00edes de alto rango a la Argentina, Sela dijo que \u00abse habl\u00f3 de eso, pero lamentablemente se deber\u00e1 esperar a que termine la guerra para que est\u00e9 la disponibilidad de los ministros\u00bb.<\/p>\n<p>La entrada <a href=\"https:\/\/diariod3.com\/embajador-de-israel-considera-que-la-visita-de-milei-fue-muy-buena-y-profundiza-cooperacion\/\" rel=\"noreferrer noopener\" target=\"_blank\">Embajador de Israel considera que la visita de Milei fue \u00abmuy buena\u00bb y profundiza cooperaci\u00f3n<\/a> se public\u00f3 primero en <a href=\"https:\/\/diariod3.com\/\" rel=\"noreferrer noopener\" target=\"_blank\">DIARIO D3 NOTICIAS | SAN JUAN ARGENTINA<\/a>.<\/p>\n","protected":false},"excerpt":{"rendered":"<p>El diplom\u00e1tico tambi\u00e9n destac\u00f3 las reuniones de la canciller Diana Mondino con funcionarios como los ministros de Agricultura, de Ciencia y empresarios de rubros de agua y minerales<\/p>\n<p>El embajador de Israel en la Argentina, Eyal Sela, calific\u00f3 hoy de \u00abmuy buena\u00bb a la visita del presidente Javier Milei a su pa\u00eds; destac\u00f3 la formaci\u00f3n de un \u00abcomit\u00e9 especial\u00bb de las canciller\u00edas de ambas naciones para \u00abdefinir temas espec\u00edficos de cooperaci\u00f3n\u00bb y coincidi\u00f3 con el mandatario argentino en que el movimiento islamista palestino Hamas act\u00faa como el nazismo.<\/p>\n<p>\u00abEstamos muy contentos, fue una muy buena visita, con varios componentes\u00bb, como numerosas reuniones con funcionarios y empresarios, visitas a lugares sagrados y encuentros con familiares de secuestrados por Hamas, detall\u00f3 a T\u00e9lam el embajador Sela.<\/p>\n<p>El diplom\u00e1tico repas\u00f3 como hitos del viaje de Milei los encuentros con el presidente Isaac Herzog y el premier Benjamin Netanyahu; la visita \u00abmuy importante y emocional al kibutz Nir Oz (atacado ..<\/p>\n","protected":false},"author":2,"featured_media":17447,"comment_status":"","ping_status":"","sticky":false,"template":"","format":"standard","meta":{"footnotes":""},"categories":[12],"tags":[],"_links":{"self":[{"href":"https:\/\/maxradio923.com.ar\/index.php\/wp-json\/wp\/v2\/posts\/17446"}],"collection":[{"href":"https:\/\/maxradio923.com.ar\/index.php\/wp-json\/wp\/v2\/posts"}],"about":[{"href":"https:\/\/maxradio923.com.ar\/index.php\/wp-json\/wp\/v2\/types\/post"}],"author":[{"embeddable":true,"href":"https:\/\/maxradio923.com.ar\/index.php\/wp-json\/wp\/v2\/users\/2"}],"replies":[{"embeddable":true,"href":"https:\/\/maxradio923.com.ar\/index.php\/wp-json\/wp\/v2\/comments?post=17446"}],"version-history":[{"count":0,"href":"https:\/\/maxradio923.com.ar\/index.php\/wp-json\/wp\/v2\/posts\/17446\/revisions"}],"wp:featuredmedia":[{"embeddable":true,"href":"https:\/\/maxradio923.com.ar\/index.php\/wp-json\/wp\/v2\/media\/17447"}],"wp:attachment":[{"href":"https:\/\/maxradio923.com.ar\/index.php\/wp-json\/wp\/v2\/media?parent=17446"}],"wp:term":[{"taxonomy":"category","embeddable":true,"href":"https:\/\/maxradio923.com.ar\/index.php\/wp-json\/wp\/v2\/categories?post=17446"},{"taxonomy":"post_tag","embeddable":true,"href":"https:\/\/maxradio923.com.ar\/index.php\/wp-json\/wp\/v2\/tags?post=17446"}],"curies":[{"name":"wp","href":"https:\/\/api.w.org\/{rel}","templated":true}]}}