{"id":17442,"date":"2024-02-08T19:30:20","date_gmt":"2024-02-08T22:30:20","guid":{"rendered":"https:\/\/maxradio923.com.ar\/index.php\/2024\/02\/08\/asistencia-integral-a-vecinos-de-9-de-julio-tras-intensa-tormenta\/"},"modified":"2024-02-08T19:30:20","modified_gmt":"2024-02-08T22:30:20","slug":"asistencia-integral-a-vecinos-de-9-de-julio-tras-intensa-tormenta","status":"publish","type":"post","link":"https:\/\/maxradio923.com.ar\/index.php\/2024\/02\/08\/asistencia-integral-a-vecinos-de-9-de-julio-tras-intensa-tormenta\/","title":{"rendered":"Asistencia Integral a Vecinos de 9 de Julio Tras Intensa Tormenta"},"content":{"rendered":"\n<p>El intendente de 9 de Julio, Daniel Banega, ofreci\u00f3 un detallado informe sobre las acciones de asistencia implementadas para los residentes afectados por la reciente tormenta en la localidad de La Majadita. Banega anticip\u00f3 que el municipio continuar\u00e1 trabajando en obras destinadas a prevenir inundaciones en viviendas y calles durante el verano.<\/p>\n<p>La tormenta, que seg\u00fan Banega fue intensa y se prolong\u00f3 por m\u00e1s de 70 minutos, dej\u00f3 a su paso da\u00f1os en el tendido el\u00e9ctrico y en los servicios de suministro de agua potable. Asimismo, se registraron numerosos \u00e1rboles ca\u00eddos como consecuencia de las r\u00e1fagas de viento.<\/p>\n<p>El intendente indic\u00f3 que se llev\u00f3 a cabo un relevamiento de necesidades en colaboraci\u00f3n con el Ministerio de la Familia y Desarrollo Humano, bajo la direcci\u00f3n de Carlos Platero, para identificar y abordar las necesidades m\u00e1s urgentes de los vecinos.<\/p>\n<p>Banega detall\u00f3 que los da\u00f1os en los techos de las viviendas fueron significativos, por lo que se proporcionaron a las familias materiales para repararlos, asistencia alimentaria y otros elementos esenciales para superar la situaci\u00f3n. Adem\u00e1s, anunci\u00f3 planes para llevar a cabo obras en las pr\u00f3ximas semanas, centradas en mejorar los techos de las viviendas y otras dependencias, as\u00ed como en la urbanizaci\u00f3n de \u00e1reas afectadas.<\/p>\n<p>El agradecimiento del intendente se dirigi\u00f3 a la r\u00e1pida respuesta de los trabajadores municipales frente al fen\u00f3meno clim\u00e1tico, destacando la organizaci\u00f3n de cuatro cuadrillas para brindar apoyo y asistencia a los vecinos afectados por las consecuencias de la tormenta.<\/p>\n<p>En este contexto, Daniel Banega reiter\u00f3 el compromiso del municipio de 9 de Julio de seguir trabajando de manera proactiva para mitigar los impactos de eventos clim\u00e1ticos adversos y garantizar la seguridad y bienestar de la comunidad.<\/p>\n","protected":false},"excerpt":{"rendered":"<p>El intendente de 9 de Julio, Daniel Banega, ofreci\u00f3 un detallado informe sobre las acciones de asistencia implementadas para los residentes afectados por la reciente tormenta en la localidad de La Majadita. Banega anticip\u00f3 que el municipio continuar\u00e1 trabajando en obras destinadas a prevenir inundaciones en viviendas y calles durante el verano.<br \/>\n La tormenta, que seg\u00fan Banega fue intensa y se prolong\u00f3 por m\u00e1s de 70 minutos, dej\u00f3 a su paso da\u00f1os en el tendido el\u00e9ctrico y en los servicios de suministro de agua potable. Asimismo, se registraron numerosos \u00e1rboles ca\u00eddos como consecuencia de las r\u00e1fagas de viento.<br \/>\n El intendente indic\u00f3 que se llev\u00f3 a cabo un relevamiento de necesidades en colaboraci\u00f3n con el Ministerio de la Familia y Desarrollo Humano, bajo la direcci\u00f3n de Carlos Platero, para identificar y abordar las necesidades m\u00e1s urgentes de los vecinos.<br \/>\n Banega detall\u00f3 que los da\u00f1os en los techos de las viviendas fueron significativos, por lo que se proporcionaron a las familias mater..<\/p>\n","protected":false},"author":2,"featured_media":17443,"comment_status":"","ping_status":"","sticky":false,"template":"","format":"standard","meta":{"footnotes":""},"categories":[5],"tags":[],"_links":{"self":[{"href":"https:\/\/maxradio923.com.ar\/index.php\/wp-json\/wp\/v2\/posts\/17442"}],"collection":[{"href":"https:\/\/maxradio923.com.ar\/index.php\/wp-json\/wp\/v2\/posts"}],"about":[{"href":"https:\/\/maxradio923.com.ar\/index.php\/wp-json\/wp\/v2\/types\/post"}],"author":[{"embeddable":true,"href":"https:\/\/maxradio923.com.ar\/index.php\/wp-json\/wp\/v2\/users\/2"}],"replies":[{"embeddable":true,"href":"https:\/\/maxradio923.com.ar\/index.php\/wp-json\/wp\/v2\/comments?post=17442"}],"version-history":[{"count":0,"href":"https:\/\/maxradio923.com.ar\/index.php\/wp-json\/wp\/v2\/posts\/17442\/revisions"}],"wp:featuredmedia":[{"embeddable":true,"href":"https:\/\/maxradio923.com.ar\/index.php\/wp-json\/wp\/v2\/media\/17443"}],"wp:attachment":[{"href":"https:\/\/maxradio923.com.ar\/index.php\/wp-json\/wp\/v2\/media?parent=17442"}],"wp:term":[{"taxonomy":"category","embeddable":true,"href":"https:\/\/maxradio923.com.ar\/index.php\/wp-json\/wp\/v2\/categories?post=17442"},{"taxonomy":"post_tag","embeddable":true,"href":"https:\/\/maxradio923.com.ar\/index.php\/wp-json\/wp\/v2\/tags?post=17442"}],"curies":[{"name":"wp","href":"https:\/\/api.w.org\/{rel}","templated":true}]}}