{"id":17430,"date":"2024-02-08T19:29:37","date_gmt":"2024-02-08T22:29:37","guid":{"rendered":"https:\/\/maxradio923.com.ar\/index.php\/2024\/02\/08\/quien-es-quien-en-la-operacion-policial-contra-jair-bolsonaro-y-su-circulo-por-el-intento-de-golpe-de-estado\/"},"modified":"2024-02-08T19:29:37","modified_gmt":"2024-02-08T22:29:37","slug":"quien-es-quien-en-la-operacion-policial-contra-jair-bolsonaro-y-su-circulo-por-el-intento-de-golpe-de-estado","status":"publish","type":"post","link":"https:\/\/maxradio923.com.ar\/index.php\/2024\/02\/08\/quien-es-quien-en-la-operacion-policial-contra-jair-bolsonaro-y-su-circulo-por-el-intento-de-golpe-de-estado\/","title":{"rendered":"Qui\u00e9n es qui\u00e9n en la operaci\u00f3n policial contra Jair Bolsonaro y su c\u00edrculo por el intento de golpe de Estado"},"content":{"rendered":"<p><img decoding=\"async\" alt=\"Agentes de polic\u00eda federales abandonan la sede del Partido Liberal durante una operaci\u00f3n dirigida a algunos de los principales asesores del ex presidente Jair Bolsonaro en Brasilia. Foto AFP\" src=\"https:\/\/www.clarin.com\/img\/2024\/02\/08\/IzwRrtvbI_720x0__1.jpg\"\/>Agentes de polic\u00eda federales abandonan la sede del Partido Liberal durante una operaci\u00f3n dirigida a algunos de los principales asesores del ex presidente Jair Bolsonaro en Brasilia. Foto AFP<img decoding=\"async\" alt=\"El general Augusto Heleno. Foto AFP\" src=\"https:\/\/www.clarin.com\/img\/2024\/02\/08\/Gr6u2yCd5_720x0__1.jpg\"\/>El general Augusto Heleno. Foto AFP<\/p>\n","protected":false},"excerpt":{"rendered":"<p>Agentes de polic\u00eda federales abandonan la sede del Partido Liberal durante una operaci\u00f3n dirigida a algunos de los principales asesores del ex presidente Jair Bolsonaro en Brasilia. Foto AFPEl general Augusto Heleno. Foto AFP<\/p>\n","protected":false},"author":2,"featured_media":17431,"comment_status":"","ping_status":"","sticky":false,"template":"","format":"standard","meta":{"footnotes":""},"categories":[3],"tags":[],"_links":{"self":[{"href":"https:\/\/maxradio923.com.ar\/index.php\/wp-json\/wp\/v2\/posts\/17430"}],"collection":[{"href":"https:\/\/maxradio923.com.ar\/index.php\/wp-json\/wp\/v2\/posts"}],"about":[{"href":"https:\/\/maxradio923.com.ar\/index.php\/wp-json\/wp\/v2\/types\/post"}],"author":[{"embeddable":true,"href":"https:\/\/maxradio923.com.ar\/index.php\/wp-json\/wp\/v2\/users\/2"}],"replies":[{"embeddable":true,"href":"https:\/\/maxradio923.com.ar\/index.php\/wp-json\/wp\/v2\/comments?post=17430"}],"version-history":[{"count":0,"href":"https:\/\/maxradio923.com.ar\/index.php\/wp-json\/wp\/v2\/posts\/17430\/revisions"}],"wp:featuredmedia":[{"embeddable":true,"href":"https:\/\/maxradio923.com.ar\/index.php\/wp-json\/wp\/v2\/media\/17431"}],"wp:attachment":[{"href":"https:\/\/maxradio923.com.ar\/index.php\/wp-json\/wp\/v2\/media?parent=17430"}],"wp:term":[{"taxonomy":"category","embeddable":true,"href":"https:\/\/maxradio923.com.ar\/index.php\/wp-json\/wp\/v2\/categories?post=17430"},{"taxonomy":"post_tag","embeddable":true,"href":"https:\/\/maxradio923.com.ar\/index.php\/wp-json\/wp\/v2\/tags?post=17430"}],"curies":[{"name":"wp","href":"https:\/\/api.w.org\/{rel}","templated":true}]}}