{"id":17416,"date":"2024-02-08T11:44:36","date_gmt":"2024-02-08T14:44:36","guid":{"rendered":"https:\/\/maxradio923.com.ar\/index.php\/2024\/02\/08\/postura-del-vicegobernador-sobre-la-ley-del-aborto\/"},"modified":"2024-02-08T11:44:36","modified_gmt":"2024-02-08T14:44:36","slug":"postura-del-vicegobernador-sobre-la-ley-del-aborto","status":"publish","type":"post","link":"https:\/\/maxradio923.com.ar\/index.php\/2024\/02\/08\/postura-del-vicegobernador-sobre-la-ley-del-aborto\/","title":{"rendered":"Postura del Vicegobernador sobre la Ley del Aborto"},"content":{"rendered":"<p><img decoding=\"async\" src=\"https:\/\/diariod3.com\/wp-content\/uploads\/2024\/02\/whatsapp-image-2023-05-09-at-20-03-15-jpeg.png\"\/><\/p>\n<p>Afirm\u00f3 que seguir\u00e1n respaldando las \u00abdos vidas\u00bb y que, si es posible, apoyar\u00e1n cualquier cambio que revoque la ley del aborto, excepto en las situaciones contempladas por el C\u00f3digo Penal.<\/p>\n<p>Esta declaraci\u00f3n se produce despu\u00e9s de que cinco diputados de la Libertad Avanza presentaran un proyecto para derogar la ley del aborto que se aprob\u00f3 en 2020. El proyecto tambi\u00e9n propone modificar el C\u00f3digo Penal para incluir penas por pr\u00e1cticas de aborto sin consentimiento y establecer penas para m\u00e9dicos en determinadas circunstancias.<\/p>\n<p>El tema del aborto ha sido hist\u00f3ricamente controvertido en Argentina, y la reactivaci\u00f3n del debate en el Congreso nacional ha generado diversas respuestas y posturas en distintas regiones del pa\u00eds.<\/p>\n<p>Op: Juan Llarena<\/p>\n<p>La entrada Postura del Vicegobernador sobre la Ley del Aborto se public\u00f3 primero en DIARIO D3 NOTICIAS | SAN JUAN ARGENTINA.<\/p>\n","protected":false},"excerpt":{"rendered":"<p>Afirm\u00f3 que seguir\u00e1n respaldando las \u00abdos vidas\u00bb y que, si es posible, apoyar\u00e1n cualquier cambio que revoque la ley del aborto, excepto en las situaciones contempladas por el C\u00f3digo Penal.<br \/>\n Esta declaraci\u00f3n se produce despu\u00e9s de que cinco diputados de la Libertad Avanza presentaran un proyecto para derogar la ley del aborto que se aprob\u00f3 en 2020. El proyecto tambi\u00e9n propone modificar el C\u00f3digo Penal para incluir penas por pr\u00e1cticas de aborto sin consentimiento y establecer penas para m\u00e9dicos en determinadas circunstancias.<br \/>\n El tema del aborto ha sido hist\u00f3ricamente controvertido en Argentina, y la reactivaci\u00f3n del debate en el Congreso nacional ha generado diversas respuestas y posturas en distintas regiones del pa\u00eds.<br \/>\n Op: Juan Llarena<br \/>\n La entrada Postura del Vicegobernador sobre la Ley del Aborto se public\u00f3 primero en DIARIO D3 NOTICIAS | SAN JUAN ARGENTINA.<\/p>\n","protected":false},"author":2,"featured_media":17417,"comment_status":"","ping_status":"","sticky":false,"template":"","format":"standard","meta":{"footnotes":""},"categories":[8],"tags":[],"_links":{"self":[{"href":"https:\/\/maxradio923.com.ar\/index.php\/wp-json\/wp\/v2\/posts\/17416"}],"collection":[{"href":"https:\/\/maxradio923.com.ar\/index.php\/wp-json\/wp\/v2\/posts"}],"about":[{"href":"https:\/\/maxradio923.com.ar\/index.php\/wp-json\/wp\/v2\/types\/post"}],"author":[{"embeddable":true,"href":"https:\/\/maxradio923.com.ar\/index.php\/wp-json\/wp\/v2\/users\/2"}],"replies":[{"embeddable":true,"href":"https:\/\/maxradio923.com.ar\/index.php\/wp-json\/wp\/v2\/comments?post=17416"}],"version-history":[{"count":0,"href":"https:\/\/maxradio923.com.ar\/index.php\/wp-json\/wp\/v2\/posts\/17416\/revisions"}],"wp:featuredmedia":[{"embeddable":true,"href":"https:\/\/maxradio923.com.ar\/index.php\/wp-json\/wp\/v2\/media\/17417"}],"wp:attachment":[{"href":"https:\/\/maxradio923.com.ar\/index.php\/wp-json\/wp\/v2\/media?parent=17416"}],"wp:term":[{"taxonomy":"category","embeddable":true,"href":"https:\/\/maxradio923.com.ar\/index.php\/wp-json\/wp\/v2\/categories?post=17416"},{"taxonomy":"post_tag","embeddable":true,"href":"https:\/\/maxradio923.com.ar\/index.php\/wp-json\/wp\/v2\/tags?post=17416"}],"curies":[{"name":"wp","href":"https:\/\/api.w.org\/{rel}","templated":true}]}}