{"id":17406,"date":"2024-02-08T11:42:51","date_gmt":"2024-02-08T14:42:51","guid":{"rendered":"https:\/\/maxradio923.com.ar\/index.php\/2024\/02\/08\/accidente-laboral-en-calera-de-los-berros-deja-a-trabajador-con-multiples-heridas\/"},"modified":"2024-02-08T11:42:51","modified_gmt":"2024-02-08T14:42:51","slug":"accidente-laboral-en-calera-de-los-berros-deja-a-trabajador-con-multiples-heridas","status":"publish","type":"post","link":"https:\/\/maxradio923.com.ar\/index.php\/2024\/02\/08\/accidente-laboral-en-calera-de-los-berros-deja-a-trabajador-con-multiples-heridas\/","title":{"rendered":"Accidente Laboral en Calera de Los Berros Deja a Trabajador con M\u00faltiples Heridas"},"content":{"rendered":"\n<p>Seg\u00fan la informaci\u00f3n proporcionada por las autoridades policiales, el incidente tuvo lugar cuando la calera sufri\u00f3 una explosi\u00f3n, resultando en el impacto de una piedra en el trabajador de 22 a\u00f1os. El joven fue trasladado de inmediato al Servicio de Urgencia del Hospital Guillermo Rawson para recibir atenci\u00f3n m\u00e9dica.<\/p>\n<p>Las lesiones sufridas por el trabajador incluyen otorragia en el pabell\u00f3n auricular derecho, fractura expuesta de codo derecho, y heridas cortantes en el miembro superior izquierdo, adem\u00e1s de excoriaciones varias. Las circunstancias exactas del accidente est\u00e1n siendo investigadas para determinar las causas y responsabilidades correspondientes.<\/p>\n<p>Op: Juan Llarena<\/p>\n","protected":false},"excerpt":{"rendered":"<p>Seg\u00fan la informaci\u00f3n proporcionada por las autoridades policiales, el incidente tuvo lugar cuando la calera sufri\u00f3 una explosi\u00f3n, resultando en el impacto de una piedra en el trabajador de 22 a\u00f1os. El joven fue trasladado de inmediato al Servicio de Urgencia del Hospital Guillermo Rawson para recibir atenci\u00f3n m\u00e9dica.<br \/>\n Las lesiones sufridas por el trabajador incluyen otorragia en el pabell\u00f3n auricular derecho, fractura expuesta de codo derecho, y heridas cortantes en el miembro superior izquierdo, adem\u00e1s de excoriaciones varias. Las circunstancias exactas del accidente est\u00e1n siendo investigadas para determinar las causas y responsabilidades correspondientes.<br \/>\n Op: Juan Llarena<\/p>\n","protected":false},"author":2,"featured_media":17407,"comment_status":"","ping_status":"","sticky":false,"template":"","format":"standard","meta":{"footnotes":""},"categories":[5],"tags":[],"_links":{"self":[{"href":"https:\/\/maxradio923.com.ar\/index.php\/wp-json\/wp\/v2\/posts\/17406"}],"collection":[{"href":"https:\/\/maxradio923.com.ar\/index.php\/wp-json\/wp\/v2\/posts"}],"about":[{"href":"https:\/\/maxradio923.com.ar\/index.php\/wp-json\/wp\/v2\/types\/post"}],"author":[{"embeddable":true,"href":"https:\/\/maxradio923.com.ar\/index.php\/wp-json\/wp\/v2\/users\/2"}],"replies":[{"embeddable":true,"href":"https:\/\/maxradio923.com.ar\/index.php\/wp-json\/wp\/v2\/comments?post=17406"}],"version-history":[{"count":0,"href":"https:\/\/maxradio923.com.ar\/index.php\/wp-json\/wp\/v2\/posts\/17406\/revisions"}],"wp:featuredmedia":[{"embeddable":true,"href":"https:\/\/maxradio923.com.ar\/index.php\/wp-json\/wp\/v2\/media\/17407"}],"wp:attachment":[{"href":"https:\/\/maxradio923.com.ar\/index.php\/wp-json\/wp\/v2\/media?parent=17406"}],"wp:term":[{"taxonomy":"category","embeddable":true,"href":"https:\/\/maxradio923.com.ar\/index.php\/wp-json\/wp\/v2\/categories?post=17406"},{"taxonomy":"post_tag","embeddable":true,"href":"https:\/\/maxradio923.com.ar\/index.php\/wp-json\/wp\/v2\/tags?post=17406"}],"curies":[{"name":"wp","href":"https:\/\/api.w.org\/{rel}","templated":true}]}}