{"id":17394,"date":"2024-02-08T11:38:31","date_gmt":"2024-02-08T14:38:31","guid":{"rendered":"https:\/\/maxradio923.com.ar\/index.php\/2024\/02\/08\/elecciones-presidenciales-en-rusia-putin-se-deshace-del-ultimo-candidato-pacifista-que-quedaba-en-la-carrera-electoral\/"},"modified":"2024-02-08T11:38:31","modified_gmt":"2024-02-08T14:38:31","slug":"elecciones-presidenciales-en-rusia-putin-se-deshace-del-ultimo-candidato-pacifista-que-quedaba-en-la-carrera-electoral","status":"publish","type":"post","link":"https:\/\/maxradio923.com.ar\/index.php\/2024\/02\/08\/elecciones-presidenciales-en-rusia-putin-se-deshace-del-ultimo-candidato-pacifista-que-quedaba-en-la-carrera-electoral\/","title":{"rendered":"Elecciones presidenciales en Rusia: Putin se deshace del \u00faltimo candidato pacifista que quedaba en la carrera electoral"},"content":{"rendered":"<p><img decoding=\"async\" alt=\"De las firmas de apoyo de Nadezhdin, la Comisi\u00f3n Electoral declar\u00f3 nulas 9.147. Foto: EFE\" src=\"https:\/\/www.clarin.com\/img\/2024\/02\/08\/zykYqSQa3_720x0__1.jpg\"\/>De las firmas de apoyo de Nadezhdin, la Comisi\u00f3n Electoral declar\u00f3 nulas 9.147. Foto: EFE<img decoding=\"async\" alt=\" &quot;Tomar parte en las elecciones presidenciales de 2024 es la decisi\u00f3n pol\u00edtica m\u00e1s importante de mi vida. No voy a renunciar&quot;, dijo el candidato. Foto: EFE\" src=\"https:\/\/www.clarin.com\/img\/2024\/02\/08\/m1H9EquoW_720x0__1.jpg\"\/> &quot;Tomar parte en las elecciones presidenciales de 2024 es la decisi\u00f3n pol\u00edtica m\u00e1s importante de mi vida. No voy a renunciar&quot;, dijo el candidato. Foto: EFE<img decoding=\"async\" alt=\"Nadezhdin, un veterano pol\u00edtico de 60 a\u00f1os poco conocido en Rusia, se convirti\u00f3 en una sorpresa. Foto: Reuters\" src=\"https:\/\/www.clarin.com\/img\/2024\/02\/08\/Kjr4Dkrlp_720x0__1.jpg\"\/>Nadezhdin, un veterano pol\u00edtico de 60 a\u00f1os poco conocido en Rusia, se convirti\u00f3 en una sorpresa. Foto: Reuters<img decoding=\"async\" alt=\"Yekaterina Duntsova. Foto: Arden Arkman \/ AFP\" src=\"https:\/\/www.clarin.com\/img\/2023\/12\/23\/lOcK0-0Ze_720x0__1.jpg\"\/>Yekaterina Duntsova. Foto: Arden Arkman \/ AFP<\/p>\n","protected":false},"excerpt":{"rendered":"<p>De las firmas de apoyo de Nadezhdin, la Comisi\u00f3n Electoral declar\u00f3 nulas 9.147. Foto: EFE &#8220;Tomar parte en las elecciones presidenciales de 2024 es la decisi\u00f3n pol\u00edtica m\u00e1s importante de mi vida. No voy a renunciar&#8221;, dijo el candidato. Foto: EFENadezhdin, un veterano pol\u00edtico de 60 a\u00f1os poco conocido en Rusia, se convirti\u00f3 en una sorpresa. Foto: ReutersYekaterina Duntsova. Foto: Arden Arkman \/ AFP<\/p>\n","protected":false},"author":2,"featured_media":17395,"comment_status":"","ping_status":"","sticky":false,"template":"","format":"standard","meta":{"footnotes":""},"categories":[3],"tags":[],"_links":{"self":[{"href":"https:\/\/maxradio923.com.ar\/index.php\/wp-json\/wp\/v2\/posts\/17394"}],"collection":[{"href":"https:\/\/maxradio923.com.ar\/index.php\/wp-json\/wp\/v2\/posts"}],"about":[{"href":"https:\/\/maxradio923.com.ar\/index.php\/wp-json\/wp\/v2\/types\/post"}],"author":[{"embeddable":true,"href":"https:\/\/maxradio923.com.ar\/index.php\/wp-json\/wp\/v2\/users\/2"}],"replies":[{"embeddable":true,"href":"https:\/\/maxradio923.com.ar\/index.php\/wp-json\/wp\/v2\/comments?post=17394"}],"version-history":[{"count":0,"href":"https:\/\/maxradio923.com.ar\/index.php\/wp-json\/wp\/v2\/posts\/17394\/revisions"}],"wp:featuredmedia":[{"embeddable":true,"href":"https:\/\/maxradio923.com.ar\/index.php\/wp-json\/wp\/v2\/media\/17395"}],"wp:attachment":[{"href":"https:\/\/maxradio923.com.ar\/index.php\/wp-json\/wp\/v2\/media?parent=17394"}],"wp:term":[{"taxonomy":"category","embeddable":true,"href":"https:\/\/maxradio923.com.ar\/index.php\/wp-json\/wp\/v2\/categories?post=17394"},{"taxonomy":"post_tag","embeddable":true,"href":"https:\/\/maxradio923.com.ar\/index.php\/wp-json\/wp\/v2\/tags?post=17394"}],"curies":[{"name":"wp","href":"https:\/\/api.w.org\/{rel}","templated":true}]}}