{"id":17392,"date":"2024-02-08T11:38:17","date_gmt":"2024-02-08T14:38:17","guid":{"rendered":"https:\/\/maxradio923.com.ar\/index.php\/2024\/02\/08\/dictaron-la-conciliacion-obligatoria-y-no-habra-paro-de-colectivos-como-se-anuncio-para-este-jueves\/"},"modified":"2024-02-08T11:38:17","modified_gmt":"2024-02-08T14:38:17","slug":"dictaron-la-conciliacion-obligatoria-y-no-habra-paro-de-colectivos-como-se-anuncio-para-este-jueves","status":"publish","type":"post","link":"https:\/\/maxradio923.com.ar\/index.php\/2024\/02\/08\/dictaron-la-conciliacion-obligatoria-y-no-habra-paro-de-colectivos-como-se-anuncio-para-este-jueves\/","title":{"rendered":"Dictaron la conciliaci\u00f3n obligatoria y no habr\u00e1 paro de colectivos como se anunci\u00f3 para este jueves"},"content":{"rendered":"<ul>\n<li>La Secretar\u00eda de Trabajo interrumpi\u00f3 la medida de fuerza que la UTA impulsaba para todo el pa\u00eds, con la excepci\u00f3n del AMBA, por 24 horas.<\/li>\n<li>El gremio protesta porque no lleg\u00f3 a un aumento salarial con las empresas, en un escenario de quita de subsidios desde la Naci\u00f3n.<\/li>\n<\/ul>\n","protected":false},"excerpt":{"rendered":"<p>La Secretar\u00eda de Trabajo interrumpi\u00f3 la medida de fuerza que la UTA impulsaba para todo el pa\u00eds, con la excepci\u00f3n del AMBA, por 24 horas.El gremio protesta porque no lleg\u00f3 a un aumento salarial con las empresas, en un escenario de quita de subsidios desde la Naci\u00f3n.<\/p>\n","protected":false},"author":2,"featured_media":17393,"comment_status":"","ping_status":"","sticky":false,"template":"","format":"standard","meta":{"footnotes":""},"categories":[9],"tags":[],"_links":{"self":[{"href":"https:\/\/maxradio923.com.ar\/index.php\/wp-json\/wp\/v2\/posts\/17392"}],"collection":[{"href":"https:\/\/maxradio923.com.ar\/index.php\/wp-json\/wp\/v2\/posts"}],"about":[{"href":"https:\/\/maxradio923.com.ar\/index.php\/wp-json\/wp\/v2\/types\/post"}],"author":[{"embeddable":true,"href":"https:\/\/maxradio923.com.ar\/index.php\/wp-json\/wp\/v2\/users\/2"}],"replies":[{"embeddable":true,"href":"https:\/\/maxradio923.com.ar\/index.php\/wp-json\/wp\/v2\/comments?post=17392"}],"version-history":[{"count":0,"href":"https:\/\/maxradio923.com.ar\/index.php\/wp-json\/wp\/v2\/posts\/17392\/revisions"}],"wp:featuredmedia":[{"embeddable":true,"href":"https:\/\/maxradio923.com.ar\/index.php\/wp-json\/wp\/v2\/media\/17393"}],"wp:attachment":[{"href":"https:\/\/maxradio923.com.ar\/index.php\/wp-json\/wp\/v2\/media?parent=17392"}],"wp:term":[{"taxonomy":"category","embeddable":true,"href":"https:\/\/maxradio923.com.ar\/index.php\/wp-json\/wp\/v2\/categories?post=17392"},{"taxonomy":"post_tag","embeddable":true,"href":"https:\/\/maxradio923.com.ar\/index.php\/wp-json\/wp\/v2\/tags?post=17392"}],"curies":[{"name":"wp","href":"https:\/\/api.w.org\/{rel}","templated":true}]}}