{"id":17388,"date":"2024-02-08T11:37:43","date_gmt":"2024-02-08T14:37:43","guid":{"rendered":"https:\/\/maxradio923.com.ar\/index.php\/2024\/02\/08\/comenzo-la-magia-de-vacacionarte-en-el-museo-franklin-rawson\/"},"modified":"2024-02-08T11:37:43","modified_gmt":"2024-02-08T14:37:43","slug":"comenzo-la-magia-de-vacacionarte-en-el-museo-franklin-rawson","status":"publish","type":"post","link":"https:\/\/maxradio923.com.ar\/index.php\/2024\/02\/08\/comenzo-la-magia-de-vacacionarte-en-el-museo-franklin-rawson\/","title":{"rendered":"Comenz\u00f3 la magia de Vacacionarte en el Museo Franklin Rawson"},"content":{"rendered":"<p><img decoding=\"async\" src=\"https:\/\/diariod3.com\/wp-content\/uploads\/2024\/02\/53510988353_ce710e7227_b.jpg\"\/> Esta nueva edici\u00f3n cuenta con m\u00e1s de 500 chicos inscriptos, de 6 a 17 a\u00f1os. Las clases se dictan hasta el 1 de marzo.    <img decoding=\"async\" src=\"https:\/\/diariod3.com\/wp-content\/uploads\/2024\/02\/53511141044_51877e4574_b.webp\"\/> <img decoding=\"async\" src=\"https:\/\/diariod3.com\/wp-content\/uploads\/2024\/02\/53511253715_3fed4e8194_b.webp\"\/>    <img decoding=\"async\" src=\"https:\/\/sisanjuan.b-cdn.net\/media\/k2\/items\/cache\/9f24957d768d4bbacb585f734bc2baba_L.jpg\" alt=\"Comenz\u00f3 la magia de Vacacionarte en el Museo Franklin Rawson\"\/> Fotos: Adri\u00e1n Carrizo    <\/p>\n<p>La colonia de verano Vacacionarte, \u00fanica a nivel nacional y provincial, es una propuesta educativa de articulaci\u00f3n art\u00edstica para las familias, con el fin de motivar a sus hijos a aprender sobre arte, a trav\u00e9s de la diferentes disciplinas art\u00edsticas y el v\u00ednculo con sus pares. El Museo Provincial de Bellas Artes, Franklin Rawson, mantiene desde hace 15 a\u00f1os esta actividad cultural y educativa, dirigida a ni\u00f1as, ni\u00f1os y adolescentes. Esta iniciativa tuvo sus primeros pasos en el Centro Cultural Jos\u00e9 Amadeo Conte Grand, en el verano de 2009, y desde entonces contin\u00faa creciendo el inter\u00e9s de la comunidad por participar.<\/p>\n<p>Este lunes 5 de febrero, comenz\u00f3 la nueva edici\u00f3n con m\u00e1s de 500 chicos que se distribuyen en diferentes grupos etarios que van desde los 6 hasta los 17 a\u00f1os, coordinados por profesores y asistentes. Los objetivos principales de este espacio es motivar el desarrollo de la creatividad en los chicos, fomentar la sensibilidad hacia los diversos lenguajes art\u00edsticos desde una temprana edad y promover la sociabilizaci\u00f3n entre las infancias.<\/p>\n<p>El MPBA|FR ofrece una variedad de experiencias art\u00edsticas para que chicos y chicas vivan a pleno cuatro semanas con propuesta vinculadas con el dibujo, el muralismo, la escultura, textiler\u00eda, origami, yoga, ritmos urbanos, m\u00fasica teatralizada, laboratorio de experiencias qu\u00edmicas, producci\u00f3n audiovisual, comunicaci\u00f3n, etc.<\/p>\n<p>Los talleres se desarrollan de lunes a viernes, de 10:00 a 12:00 y sus actividades se basan en las obras de la colecci\u00f3n, patrimonio provincial.<\/p>\n<p>En su edici\u00f3n 2024, el cronograma de Vacacionarte se extiende desde el 5 de febrero hasta el 1 de marzo, a pocos d\u00edas del inicio del ciclo lectivo escolar. Adem\u00e1s, a modo de cierre se organizar\u00e1 una muestra final para que las familias puedan apreciar los trabajos realizados.<\/p>\n<p>La entrada Comenz\u00f3 la magia de Vacacionarte en el Museo Franklin Rawson se public\u00f3 primero en DIARIO D3 NOTICIAS | SAN JUAN ARGENTINA.<\/p>\n","protected":false},"excerpt":{"rendered":"<p>Esta nueva edici\u00f3n cuenta con m\u00e1s de 500 chicos inscriptos, de 6 a 17 a\u00f1os. Las clases se dictan hasta el 1 de marzo. Fotos: Adri\u00e1n Carrizo La colonia de verano Vacacionarte, \u00fanica a nivel nacional y provincial, es una propuesta educativa de articulaci\u00f3n art\u00edstica para las familias, con el fin de motivar a sus hijos a aprender sobre arte, a trav\u00e9s de la diferentes disciplinas art\u00edsticas y el v\u00ednculo con sus pares. El Museo Provincial de Bellas Artes, Franklin Rawson, mantiene desde hace 15 a\u00f1os esta actividad cultural y educativa, dirigida a ni\u00f1as, ni\u00f1os y adolescentes. Esta iniciativa tuvo sus primeros pasos en el Centro Cultural Jos\u00e9 Amadeo Conte Grand, en el verano de 2009, y desde entonces contin\u00faa creciendo el inter\u00e9s de la comunidad por participar.<br \/>\n Este lunes 5 de febrero, comenz\u00f3 la nueva edici\u00f3n con m\u00e1s de 500 chicos que se distribuyen en diferentes grupos etarios que van desde los 6 hasta los 17 a\u00f1os, coordinados por profesores y asistentes. Los objetivos principales de este ..<\/p>\n","protected":false},"author":2,"featured_media":17389,"comment_status":"","ping_status":"","sticky":false,"template":"","format":"standard","meta":{"footnotes":""},"categories":[10],"tags":[],"_links":{"self":[{"href":"https:\/\/maxradio923.com.ar\/index.php\/wp-json\/wp\/v2\/posts\/17388"}],"collection":[{"href":"https:\/\/maxradio923.com.ar\/index.php\/wp-json\/wp\/v2\/posts"}],"about":[{"href":"https:\/\/maxradio923.com.ar\/index.php\/wp-json\/wp\/v2\/types\/post"}],"author":[{"embeddable":true,"href":"https:\/\/maxradio923.com.ar\/index.php\/wp-json\/wp\/v2\/users\/2"}],"replies":[{"embeddable":true,"href":"https:\/\/maxradio923.com.ar\/index.php\/wp-json\/wp\/v2\/comments?post=17388"}],"version-history":[{"count":0,"href":"https:\/\/maxradio923.com.ar\/index.php\/wp-json\/wp\/v2\/posts\/17388\/revisions"}],"wp:featuredmedia":[{"embeddable":true,"href":"https:\/\/maxradio923.com.ar\/index.php\/wp-json\/wp\/v2\/media\/17389"}],"wp:attachment":[{"href":"https:\/\/maxradio923.com.ar\/index.php\/wp-json\/wp\/v2\/media?parent=17388"}],"wp:term":[{"taxonomy":"category","embeddable":true,"href":"https:\/\/maxradio923.com.ar\/index.php\/wp-json\/wp\/v2\/categories?post=17388"},{"taxonomy":"post_tag","embeddable":true,"href":"https:\/\/maxradio923.com.ar\/index.php\/wp-json\/wp\/v2\/tags?post=17388"}],"curies":[{"name":"wp","href":"https:\/\/api.w.org\/{rel}","templated":true}]}}