{"id":17376,"date":"2024-02-08T11:35:02","date_gmt":"2024-02-08T14:35:02","guid":{"rendered":"https:\/\/maxradio923.com.ar\/index.php\/2024\/02\/08\/escandalo-en-san-juan-empleados-publicos-cobraban-el-plan-potenciar-trabajo\/"},"modified":"2024-02-08T11:35:02","modified_gmt":"2024-02-08T14:35:02","slug":"escandalo-en-san-juan-empleados-publicos-cobraban-el-plan-potenciar-trabajo","status":"publish","type":"post","link":"https:\/\/maxradio923.com.ar\/index.php\/2024\/02\/08\/escandalo-en-san-juan-empleados-publicos-cobraban-el-plan-potenciar-trabajo\/","title":{"rendered":"Esc\u00e1ndalo en San Juan: Empleados P\u00fablicos Cobraban el Plan Potenciar Trabajo"},"content":{"rendered":"<p><img decoding=\"async\" src=\"https:\/\/diariod3.com\/wp-content\/uploads\/2024\/02\/43TSAL2OMRDZTCMAW72P2ZC3LU.jpg\"\/><\/p>\n<p>Seg\u00fan el fiscal, esto podr\u00eda tipificarse como \u00abdefraudaci\u00f3n contra la Administraci\u00f3n P\u00fablica\u00bb. El monto estimado del desfalco al Estado Nacional ser\u00eda de $705.198.000 por mes, alcanzando casi los ocho mil millones de pesos anuales.<\/p>\n<p>Marijuan ha solicitado a las autoridades de cada distrito que suspendan los planes involucrados y realicen un reempadronamiento con la acreditaci\u00f3n de los requisitos legales del Programa. El fiscal sostiene que esto constituye una transgresi\u00f3n a la normativa y al prop\u00f3sito del Estado al crear el programa.<\/p>\n<p>La ministra de Capital Humano, Sandra Pettovello, ya ha dado de baja a 4,588 beneficiarios en San Juan y est\u00e1 llevando a cabo un an\u00e1lisis exhaustivo de los datos para identificar m\u00e1s casos de irregularidades.<\/p>\n<p>Adem\u00e1s de los empleados p\u00fablicos que cobraban el plan, se han encontrado otras irregularidades, como beneficiarios que tambi\u00e9n reciben jubilaci\u00f3n, pensi\u00f3n, prestaci\u00f3n por desempleo, son monotributistas categor\u00eda C o superior, trabajadores aut\u00f3nomos, fallecidos o propietarios de autos con menos de 10 a\u00f1os de antig\u00fcedad.<\/p>\n<p>Se ha descubierto que algunas personas beneficiarias del Potenciar Trabajo ten\u00edan la capacidad econ\u00f3mica para realizar viajes internacionales y lujosos paseos, lo que agrava a\u00fan m\u00e1s la situaci\u00f3n.<\/p>\n<p>OP: Juan Llarena<\/p>\n<p>La entrada Esc\u00e1ndalo en San Juan: Empleados P\u00fablicos Cobraban el Plan Potenciar Trabajo se public\u00f3 primero en DIARIO D3 NOTICIAS | SAN JUAN ARGENTINA.<\/p>\n","protected":false},"excerpt":{"rendered":"<p>Seg\u00fan el fiscal, esto podr\u00eda tipificarse como \u00abdefraudaci\u00f3n contra la Administraci\u00f3n P\u00fablica\u00bb. El monto estimado del desfalco al Estado Nacional ser\u00eda de $705.198.000 por mes, alcanzando casi los ocho mil millones de pesos anuales.<br \/>\n Marijuan ha solicitado a las autoridades de cada distrito que suspendan los planes involucrados y realicen un reempadronamiento con la acreditaci\u00f3n de los requisitos legales del Programa. El fiscal sostiene que esto constituye una transgresi\u00f3n a la normativa y al prop\u00f3sito del Estado al crear el programa.<br \/>\n La ministra de Capital Humano, Sandra Pettovello, ya ha dado de baja a 4,588 beneficiarios en San Juan y est\u00e1 llevando a cabo un an\u00e1lisis exhaustivo de los datos para identificar m\u00e1s casos de irregularidades.<br \/>\n Adem\u00e1s de los empleados p\u00fablicos que cobraban el plan, se han encontrado otras irregularidades, como beneficiarios que tambi\u00e9n reciben jubilaci\u00f3n, pensi\u00f3n, prestaci\u00f3n por desempleo, son monotributistas categor\u00eda C o superior, trabajadores aut\u00f3nomos,..<\/p>\n","protected":false},"author":2,"featured_media":17377,"comment_status":"","ping_status":"","sticky":false,"template":"","format":"standard","meta":{"footnotes":""},"categories":[8],"tags":[],"_links":{"self":[{"href":"https:\/\/maxradio923.com.ar\/index.php\/wp-json\/wp\/v2\/posts\/17376"}],"collection":[{"href":"https:\/\/maxradio923.com.ar\/index.php\/wp-json\/wp\/v2\/posts"}],"about":[{"href":"https:\/\/maxradio923.com.ar\/index.php\/wp-json\/wp\/v2\/types\/post"}],"author":[{"embeddable":true,"href":"https:\/\/maxradio923.com.ar\/index.php\/wp-json\/wp\/v2\/users\/2"}],"replies":[{"embeddable":true,"href":"https:\/\/maxradio923.com.ar\/index.php\/wp-json\/wp\/v2\/comments?post=17376"}],"version-history":[{"count":0,"href":"https:\/\/maxradio923.com.ar\/index.php\/wp-json\/wp\/v2\/posts\/17376\/revisions"}],"wp:featuredmedia":[{"embeddable":true,"href":"https:\/\/maxradio923.com.ar\/index.php\/wp-json\/wp\/v2\/media\/17377"}],"wp:attachment":[{"href":"https:\/\/maxradio923.com.ar\/index.php\/wp-json\/wp\/v2\/media?parent=17376"}],"wp:term":[{"taxonomy":"category","embeddable":true,"href":"https:\/\/maxradio923.com.ar\/index.php\/wp-json\/wp\/v2\/categories?post=17376"},{"taxonomy":"post_tag","embeddable":true,"href":"https:\/\/maxradio923.com.ar\/index.php\/wp-json\/wp\/v2\/tags?post=17376"}],"curies":[{"name":"wp","href":"https:\/\/api.w.org\/{rel}","templated":true}]}}