{"id":17370,"date":"2024-02-08T11:34:43","date_gmt":"2024-02-08T14:34:43","guid":{"rendered":"https:\/\/maxradio923.com.ar\/index.php\/2024\/02\/08\/la-cgt-pedira-un-85-de-aumento-en-el-consejo-del-salario-minimo\/"},"modified":"2024-02-08T11:44:03","modified_gmt":"2024-02-08T14:44:03","slug":"la-cgt-pedira-un-85-de-aumento-en-el-consejo-del-salario-minimo","status":"publish","type":"post","link":"https:\/\/maxradio923.com.ar\/index.php\/2024\/02\/08\/la-cgt-pedira-un-85-de-aumento-en-el-consejo-del-salario-minimo\/","title":{"rendered":"La CGT pedir\u00e1 un 85% de aumento en el Consejo del Salario M\u00ednimo"},"content":{"rendered":"<p><img decoding=\"async\" src=\"https:\/\/diariod3.com\/wp-content\/uploads\/2024\/02\/5RBTRSKSWFDT3NZOHYM34GVDGM.jpg\"\/><\/p>\n<p>Por Eduardo Menegazzi<\/p>\n<p>La Confederaci\u00f3n General del Trabajo (CGT) pedir\u00e1 un 85% de aumento cuando se re\u00fana en el marco del Consejo del Salario M\u00ednimo convocado por el Gobierno, prevista para el jueves 15 de febrero. Empresarios y representantes de los trabajadores deber\u00e1n discutir ese d\u00eda cu\u00e1l ser\u00e1 el incremento que tendr\u00e1n los sueldos, cuyo piso actualmente es de $ 156.000 y cuya \u00faltima actualizaci\u00f3n se produjo en diciembre. Con la propuesta cegetista quedar\u00eda en $ 288.600.<\/p>\n<p>Las intenciones de la central obrera se reflejaron en un comunicado publicado en las redes. \u201cLa convocatoria al Consejo del Salario M\u00ednimo Vital y M\u00f3vil es un \u00e1mbito de di\u00e1logo a los fines de recuperar en algo el poder adquisitivo de los sectores m\u00e1s empobrecidos\u201d, expresaron en el texto. \u201cLa devaluaci\u00f3n, que se suma a la brutal inflaci\u00f3n acumulada Dic. 2023\/ Feb 2024 (sobre todo en insumos de canasta b\u00e1sica de alimentos y salud) imponen una actualizaci\u00f3n de al menos 85 %\u201d, describieron en su \u00faltimo p\u00e1rrafo.<\/p>\n<p>Ser\u00e1 la primera actualizaci\u00f3n que tendr\u00e1n los salarios mediante este mecanismo durante la administraci\u00f3n de Javier Milei. La convocatoria a la discusi\u00f3n salarial, que se hab\u00eda postergado en dos ocasiones, ser\u00e1 referencia para los sectores informales de la econom\u00eda e impactar\u00e1 en programas sociales como el Potenciar Trabajo, en el sueldo inicial docente, en la jubilaci\u00f3n b\u00e1sica para quienes tienen 30 a\u00f1os de aportes y en la inclusi\u00f3n o no de los trabajadores que ganan menos de 15 salarios m\u00ednimos para el pago de Ganancias.<\/p>\n<p>Los representantes sindicales, esta vez, anticiparon lo que pedir\u00e1n en medio de un fuerte enfrentamiento con el rumbo econ\u00f3mico que adopt\u00f3 Milei y que incluy\u00f3 una marcha en contra del mega DNU 70 el 27 de diciembre, cuando se convocaron frente al Palacio de Tribunales, y el paro del 24 de enero, a solo 44 d\u00edas de la asunci\u00f3n en la presidencia del l\u00edder libertario, con una marcha multitudinaria al Congreso de la Naci\u00f3n. Ahora, con una inflaci\u00f3n que en diciembre fue de 25,5% y que las proyecciones para enero ubican por encima del 20%, ven la oportunidad de recuperar, al menos en parte, los salarios.<\/p>\n<p>La CGT logr\u00f3 que el cap\u00edtulo laboral incluido en el decreto por el momento quede sin efecto mediante una medida cautelar, pero mira con desconfianza al Gobierno porque aseguran que tiene en sus planes una reforma laboral profunda para enviar al Parlamento pr\u00f3ximamente. Si bien en un primer momento hubo un acercamiento de dirigentes como Luis Barrionuevo o Gerardo Mart\u00ednez a los funcionarios libertarios, cuando se habl\u00f3 de modificar el r\u00e9gimen de despidos e indemnizaciones, con el tiempo esa relaci\u00f3n se fue desgastando hasta casi romperse por completo.<\/p>\n<p>En la Comisi\u00f3n del Salario M\u00ednimo conviven sindicalistas, a trav\u00e9s de la CGT y la CTA, y las c\u00e1maras empresariales como la UIA. Oficia como una especie de paritaria nacional que puede determinar cu\u00e1les ser\u00e1n los porcentajes de incrementos que estar\u00edan dispuestos a acordar los gremios y sus empleadores para las distintas actividades.<\/p>\n<p>La CTA ya se declar\u00f3 en estado de alerta y movilizaci\u00f3n y le pidi\u00f3 al Instituto de Estudios y Formaci\u00f3n (IEF) que le presente un informe sobre la inflaci\u00f3n acumulada en los \u00faltimos meses (en 2023 super\u00f3 el 238%).<\/p>\n<p>Los beneficiarios del Plan Potenciar Trabajo, quienes deben tener una contraprestaci\u00f3n laboral de al menos 4 horas diarias, perciben la mitad de un Salario M\u00ednimo, por lo que reciben actualmente $ 78.000. Tambi\u00e9n el aumento repercutir\u00e1 en Ganancias, ya que quienes ganan menos de 15 salarios m\u00ednimos ( $ 2.340.000) quedan excluidos de pagarlo. Seg\u00fan el INDEC, de acuerdo a lo publicado el 16 de enero de este a\u00f1o, el valor de 1 (una) Canasta B\u00e1sica Total tipo 2 para una familia de 4 integrantes es de $495.798,32.<\/p>\n<p>Fuente: Infobae<\/p>\n<p>Rivero Cecilia<\/p>\n<p>La entrada <a href=\"https:\/\/diariod3.com\/la-cgt-pedira-un-85-de-aumento-en-el-consejo-del-salario-minimo\/\" rel=\"noreferrer noopener\" target=\"_blank\">La CGT pedir\u00e1 un 85% de aumento en el Consejo del Salario M\u00ednimo<\/a> se public\u00f3 primero en <a href=\"https:\/\/diariod3.com\/\" rel=\"noreferrer noopener\" target=\"_blank\">DIARIO D3 NOTICIAS | SAN JUAN ARGENTINA<\/a>.<\/p>\n","protected":false},"excerpt":{"rendered":"<p>Por Eduardo Menegazzi<\/p>\n<p>La Confederaci\u00f3n General del Trabajo (CGT) pedir\u00e1 un 85% de aumento cuando se re\u00fana en el marco del Consejo del Salario M\u00ednimo convocado por el Gobierno, prevista para el jueves 15 de febrero. Empresarios y representantes de los trabajadores deber\u00e1n discutir ese d\u00eda cu\u00e1l ser\u00e1 el incremento que tendr\u00e1n los sueldos, cuyo piso actualmente es de $ 156.000 y cuya \u00faltima actualizaci\u00f3n se produjo en diciembre. Con la propuesta cegetista quedar\u00eda en $ 288.600.<\/p>\n<p>Las intenciones de la central obrera se reflejaron en un comunicado publicado en las redes. \u201cLa convocatoria al Consejo del Salario M\u00ednimo Vital y M\u00f3vil es un \u00e1mbito de di\u00e1logo a los fines de recuperar en algo el poder adquisitivo de los sectores m\u00e1s empobrecidos\u201d, expresaron en el texto. \u201cLa devaluaci\u00f3n, que se suma a la brutal inflaci\u00f3n acumulada Dic. 2023\/ Feb 2024 (sobre todo en insumos de canasta b\u00e1sica de alimentos y salud) imponen una actualizaci\u00f3n de al menos 85 %\u201d, describieron en su \u00faltimo p\u00e1rrafo.<\/p>\n<p>Ser\u00e1..<\/p>\n","protected":false},"author":2,"featured_media":17411,"comment_status":"closed","ping_status":"","sticky":false,"template":"","format":"standard","meta":{"footnotes":""},"categories":[12],"tags":[],"_links":{"self":[{"href":"https:\/\/maxradio923.com.ar\/index.php\/wp-json\/wp\/v2\/posts\/17370"}],"collection":[{"href":"https:\/\/maxradio923.com.ar\/index.php\/wp-json\/wp\/v2\/posts"}],"about":[{"href":"https:\/\/maxradio923.com.ar\/index.php\/wp-json\/wp\/v2\/types\/post"}],"author":[{"embeddable":true,"href":"https:\/\/maxradio923.com.ar\/index.php\/wp-json\/wp\/v2\/users\/2"}],"replies":[{"embeddable":true,"href":"https:\/\/maxradio923.com.ar\/index.php\/wp-json\/wp\/v2\/comments?post=17370"}],"version-history":[{"count":1,"href":"https:\/\/maxradio923.com.ar\/index.php\/wp-json\/wp\/v2\/posts\/17370\/revisions"}],"predecessor-version":[{"id":17410,"href":"https:\/\/maxradio923.com.ar\/index.php\/wp-json\/wp\/v2\/posts\/17370\/revisions\/17410"}],"wp:featuredmedia":[{"embeddable":true,"href":"https:\/\/maxradio923.com.ar\/index.php\/wp-json\/wp\/v2\/media\/17411"}],"wp:attachment":[{"href":"https:\/\/maxradio923.com.ar\/index.php\/wp-json\/wp\/v2\/media?parent=17370"}],"wp:term":[{"taxonomy":"category","embeddable":true,"href":"https:\/\/maxradio923.com.ar\/index.php\/wp-json\/wp\/v2\/categories?post=17370"},{"taxonomy":"post_tag","embeddable":true,"href":"https:\/\/maxradio923.com.ar\/index.php\/wp-json\/wp\/v2\/tags?post=17370"}],"curies":[{"name":"wp","href":"https:\/\/api.w.org\/{rel}","templated":true}]}}