{"id":17332,"date":"2024-02-05T11:04:09","date_gmt":"2024-02-05T14:04:09","guid":{"rendered":"https:\/\/maxradio923.com.ar\/index.php\/2024\/02\/05\/pocito-coloca-semaforos-con-tiras-led-en-esquinas-estrategicas\/"},"modified":"2024-02-05T11:04:09","modified_gmt":"2024-02-05T14:04:09","slug":"pocito-coloca-semaforos-con-tiras-led-en-esquinas-estrategicas","status":"publish","type":"post","link":"https:\/\/maxradio923.com.ar\/index.php\/2024\/02\/05\/pocito-coloca-semaforos-con-tiras-led-en-esquinas-estrategicas\/","title":{"rendered":"Pocito coloca sem\u00e1foros con tiras Led en esquinas estrat\u00e9gicas"},"content":{"rendered":"\n<p>Pocito comenz\u00f3 a instalar sem\u00e1foros con tiras Led, colocadas en el brazo pescante del aparato, en esquinas estrat\u00e9gicas del departamento. Obras que se realizan en el marco del Plan de Seguridad Vial que lleva adelante la gesti\u00f3n municipal que encabeza Fabi\u00e1n Aballay.<\/p>\n<p>El primero de los sem\u00e1foros se coloc\u00f3 en la esquina de avenida Aberastain y Furque, y est\u00e1 planificada la instalaci\u00f3n de otros tres en avenida Aberastain y Calle 14; Lemos y Calle 11; y el restante en Vidart y Calle 11.<\/p>\n<p>Estos sem\u00e1foros con tiras Led permiten a los conductores una mayor visualizaci\u00f3n de los colores rojo y verde. Adem\u00e1s tienen la ventaja de seguir funcionado en el caso de que los focos del aparato se quemen.<\/p>\n<p>Dentro de Plan de Seguridad Vial, el Municipio tambi\u00e9n est\u00e1 repintando los postes y brazos pescantes de los sem\u00e1foros del departamento, realizando el despeje de ramas en esquinas donde las luces del aparato no pod\u00edan visualizarse, despejando las ochavas y repintando los sifones en la zona rural.<\/p>\n","protected":false},"excerpt":{"rendered":"<p>Pocito comenz\u00f3 a instalar sem\u00e1foros con tiras Led, colocadas en el brazo pescante del aparato, en esquinas estrat\u00e9gicas del departamento. Obras que se realizan en el marco del Plan de Seguridad Vial que lleva adelante la gesti\u00f3n municipal que encabeza Fabi\u00e1n Aballay.<br \/>\n El primero de los sem\u00e1foros se coloc\u00f3 en la esquina de avenida Aberastain y Furque, y est\u00e1 planificada la instalaci\u00f3n de otros tres en avenida Aberastain y Calle 14; Lemos y Calle 11; y el restante en Vidart y Calle 11.<br \/>\n Estos sem\u00e1foros con tiras Led permiten a los conductores una mayor visualizaci\u00f3n de los colores rojo y verde. Adem\u00e1s tienen la ventaja de seguir funcionado en el caso de que los focos del aparato se quemen.<br \/>\n Dentro de Plan de Seguridad Vial, el Municipio tambi\u00e9n est\u00e1 repintando los postes y brazos pescantes de los sem\u00e1foros del departamento, realizando el despeje de ramas en esquinas donde las luces del aparato no pod\u00edan visualizarse, despejando las ochavas y repintando los sifones en la zona rural.<\/p>\n","protected":false},"author":2,"featured_media":17333,"comment_status":"","ping_status":"","sticky":false,"template":"","format":"standard","meta":{"footnotes":""},"categories":[5],"tags":[],"_links":{"self":[{"href":"https:\/\/maxradio923.com.ar\/index.php\/wp-json\/wp\/v2\/posts\/17332"}],"collection":[{"href":"https:\/\/maxradio923.com.ar\/index.php\/wp-json\/wp\/v2\/posts"}],"about":[{"href":"https:\/\/maxradio923.com.ar\/index.php\/wp-json\/wp\/v2\/types\/post"}],"author":[{"embeddable":true,"href":"https:\/\/maxradio923.com.ar\/index.php\/wp-json\/wp\/v2\/users\/2"}],"replies":[{"embeddable":true,"href":"https:\/\/maxradio923.com.ar\/index.php\/wp-json\/wp\/v2\/comments?post=17332"}],"version-history":[{"count":0,"href":"https:\/\/maxradio923.com.ar\/index.php\/wp-json\/wp\/v2\/posts\/17332\/revisions"}],"wp:featuredmedia":[{"embeddable":true,"href":"https:\/\/maxradio923.com.ar\/index.php\/wp-json\/wp\/v2\/media\/17333"}],"wp:attachment":[{"href":"https:\/\/maxradio923.com.ar\/index.php\/wp-json\/wp\/v2\/media?parent=17332"}],"wp:term":[{"taxonomy":"category","embeddable":true,"href":"https:\/\/maxradio923.com.ar\/index.php\/wp-json\/wp\/v2\/categories?post=17332"},{"taxonomy":"post_tag","embeddable":true,"href":"https:\/\/maxradio923.com.ar\/index.php\/wp-json\/wp\/v2\/tags?post=17332"}],"curies":[{"name":"wp","href":"https:\/\/api.w.org\/{rel}","templated":true}]}}