{"id":17330,"date":"2024-02-05T11:04:09","date_gmt":"2024-02-05T14:04:09","guid":{"rendered":"https:\/\/maxradio923.com.ar\/index.php\/2024\/02\/05\/inicia-la-recolecta-de-semillas-para-el-vivero-de-plantas-nativas-en-valle-fertil\/"},"modified":"2024-02-05T11:04:09","modified_gmt":"2024-02-05T14:04:09","slug":"inicia-la-recolecta-de-semillas-para-el-vivero-de-plantas-nativas-en-valle-fertil","status":"publish","type":"post","link":"https:\/\/maxradio923.com.ar\/index.php\/2024\/02\/05\/inicia-la-recolecta-de-semillas-para-el-vivero-de-plantas-nativas-en-valle-fertil\/","title":{"rendered":"Inicia la Recolecta de Semillas para el Vivero de Plantas Nativas en Valle F\u00e9rtil"},"content":{"rendered":"<p>  Esta actividad realizada por un equipo t\u00e9cnico de la Secretar\u00eda de Ambiente tiene como finalidad proveer al Vivero de las semillas y especies necesarias para continuar con la producci\u00f3n de especies nativas.  <img decoding=\"async\" src=\"https:\/\/diariod3.com\/wp-content\/plugins\/speedycache-pro\/assets\/images\/image-palceholder.png\" alt=\"Comenz\u00f3 la recolecci\u00f3n de semillas para el Vivero de Plantas Nativas\"\/>  <\/p>\n<p>El equipo t\u00e9cnico del Parque de la Biodiversidad, dependiente de la Secretar\u00eda de Ambiente, viaj\u00f3 a Valle F\u00e9rtil, para monitorear los diferentes cuerpos de agua, entre ellos, los r\u00edos Las Tumanas, Astica, La Majadita y embalse San Agust\u00edn.<\/p>\n<p>Con el objetivo de obtener un panorama detallado sobre el estado de los procesos ecol\u00f3gicos presentes en la zona, como as\u00ed tambi\u00e9n generar medidas de gesti\u00f3n para la conservaci\u00f3n de los recursos h\u00eddricos; se evaluaron par\u00e1metros fisicoqu\u00edmicos y biol\u00f3gicos, entre ellos ph, conductividad, salinidad, ox\u00edgeno disuelto, turbidez, y se obtuvieron muestras de fito y zooplanton, macroinvertebrados acu\u00e1ticos y peces, brindando as\u00ed un enfoque integral en la evaluaci\u00f3n del ecosistema acu\u00e1tico.<\/p>\n<p>En paralelo, el equipo recorri\u00f3 el departamento para la recolecci\u00f3n de semillas de especies, como brea, garabato, espinillo, algarrobo blanco, pichana tala, mistol y retamo, las cuales estar\u00e1n destinadas a ser utilizadas en la producci\u00f3n de forestales nativos en el vivero del Parque.<\/p>\n<p>El proceso de recolecci\u00f3n se realiza de dos maneras distintas, del suelo y de la planta madre, esta primera colecta se centr\u00f3 en la obtenci\u00f3n de semillas. Una vez finalizado el recorrido comienza el trabajo en el Vivero, que se encuentra ubicado en el interior del Parque de la Biodiversidad.<\/p>\n","protected":false},"excerpt":{"rendered":"<p>Esta actividad realizada por un equipo t\u00e9cnico de la Secretar\u00eda de Ambiente tiene como finalidad proveer al Vivero de las semillas y especies necesarias para continuar con la producci\u00f3n de especies nativas. El equipo t\u00e9cnico del Parque de la Biodiversidad, dependiente de la Secretar\u00eda de Ambiente, viaj\u00f3 a Valle F\u00e9rtil, para monitorear los diferentes cuerpos de agua, entre ellos, los r\u00edos Las Tumanas, Astica, La Majadita y embalse San Agust\u00edn.<br \/>\n Con el objetivo de obtener un panorama detallado sobre el estado de los procesos ecol\u00f3gicos presentes en la zona, como as\u00ed tambi\u00e9n generar medidas de gesti\u00f3n para la conservaci\u00f3n de los recursos h\u00eddricos; se evaluaron par\u00e1metros fisicoqu\u00edmicos y biol\u00f3gicos, entre ellos ph, conductividad, salinidad, ox\u00edgeno disuelto, turbidez, y se obtuvieron muestras de fito y zooplanton, macroinvertebrados acu\u00e1ticos y peces, brindando as\u00ed un enfoque integral en la evaluaci\u00f3n del ecosistema acu\u00e1tico.<br \/>\n En paralelo, el equipo recorri\u00f3 el departamento para la recole..<\/p>\n","protected":false},"author":2,"featured_media":17331,"comment_status":"","ping_status":"","sticky":false,"template":"","format":"standard","meta":{"footnotes":""},"categories":[5],"tags":[],"_links":{"self":[{"href":"https:\/\/maxradio923.com.ar\/index.php\/wp-json\/wp\/v2\/posts\/17330"}],"collection":[{"href":"https:\/\/maxradio923.com.ar\/index.php\/wp-json\/wp\/v2\/posts"}],"about":[{"href":"https:\/\/maxradio923.com.ar\/index.php\/wp-json\/wp\/v2\/types\/post"}],"author":[{"embeddable":true,"href":"https:\/\/maxradio923.com.ar\/index.php\/wp-json\/wp\/v2\/users\/2"}],"replies":[{"embeddable":true,"href":"https:\/\/maxradio923.com.ar\/index.php\/wp-json\/wp\/v2\/comments?post=17330"}],"version-history":[{"count":0,"href":"https:\/\/maxradio923.com.ar\/index.php\/wp-json\/wp\/v2\/posts\/17330\/revisions"}],"wp:featuredmedia":[{"embeddable":true,"href":"https:\/\/maxradio923.com.ar\/index.php\/wp-json\/wp\/v2\/media\/17331"}],"wp:attachment":[{"href":"https:\/\/maxradio923.com.ar\/index.php\/wp-json\/wp\/v2\/media?parent=17330"}],"wp:term":[{"taxonomy":"category","embeddable":true,"href":"https:\/\/maxradio923.com.ar\/index.php\/wp-json\/wp\/v2\/categories?post=17330"},{"taxonomy":"post_tag","embeddable":true,"href":"https:\/\/maxradio923.com.ar\/index.php\/wp-json\/wp\/v2\/tags?post=17330"}],"curies":[{"name":"wp","href":"https:\/\/api.w.org\/{rel}","templated":true}]}}