{"id":17328,"date":"2024-02-05T11:03:21","date_gmt":"2024-02-05T14:03:21","guid":{"rendered":"https:\/\/maxradio923.com.ar\/index.php\/2024\/02\/05\/mas-misterio-en-el-caso-de-la-embarazada-que-desaparecio-en-berazategui-y-las-dudas-de-la-justicia\/"},"modified":"2024-02-05T11:03:21","modified_gmt":"2024-02-05T14:03:21","slug":"mas-misterio-en-el-caso-de-la-embarazada-que-desaparecio-en-berazategui-y-las-dudas-de-la-justicia","status":"publish","type":"post","link":"https:\/\/maxradio923.com.ar\/index.php\/2024\/02\/05\/mas-misterio-en-el-caso-de-la-embarazada-que-desaparecio-en-berazategui-y-las-dudas-de-la-justicia\/","title":{"rendered":"M\u00e1s misterio en el caso de la embarazada que desapareci\u00f3 en Berazategui y las dudas de la Justicia"},"content":{"rendered":"<ul>\n<li>Yesica Cuevas (42) fue vista por \u00faltima vez el lunes. <\/li>\n<li>En el hospital donde supuestamente se iba a atender no ten\u00eda un parto programado. <\/li>\n<li>Y ni siquiera constaba el embarazo en su historia cl\u00ednica. <\/li>\n<\/ul>\n","protected":false},"excerpt":{"rendered":"<p>Yesica Cuevas (42) fue vista por \u00faltima vez el lunes. En el hospital donde supuestamente se iba a atender no ten\u00eda un parto programado. Y ni siquiera constaba el embarazo en su historia cl\u00ednica.<\/p>\n","protected":false},"author":2,"featured_media":17329,"comment_status":"","ping_status":"","sticky":false,"template":"","format":"standard","meta":{"footnotes":""},"categories":[6],"tags":[],"_links":{"self":[{"href":"https:\/\/maxradio923.com.ar\/index.php\/wp-json\/wp\/v2\/posts\/17328"}],"collection":[{"href":"https:\/\/maxradio923.com.ar\/index.php\/wp-json\/wp\/v2\/posts"}],"about":[{"href":"https:\/\/maxradio923.com.ar\/index.php\/wp-json\/wp\/v2\/types\/post"}],"author":[{"embeddable":true,"href":"https:\/\/maxradio923.com.ar\/index.php\/wp-json\/wp\/v2\/users\/2"}],"replies":[{"embeddable":true,"href":"https:\/\/maxradio923.com.ar\/index.php\/wp-json\/wp\/v2\/comments?post=17328"}],"version-history":[{"count":0,"href":"https:\/\/maxradio923.com.ar\/index.php\/wp-json\/wp\/v2\/posts\/17328\/revisions"}],"wp:featuredmedia":[{"embeddable":true,"href":"https:\/\/maxradio923.com.ar\/index.php\/wp-json\/wp\/v2\/media\/17329"}],"wp:attachment":[{"href":"https:\/\/maxradio923.com.ar\/index.php\/wp-json\/wp\/v2\/media?parent=17328"}],"wp:term":[{"taxonomy":"category","embeddable":true,"href":"https:\/\/maxradio923.com.ar\/index.php\/wp-json\/wp\/v2\/categories?post=17328"},{"taxonomy":"post_tag","embeddable":true,"href":"https:\/\/maxradio923.com.ar\/index.php\/wp-json\/wp\/v2\/tags?post=17328"}],"curies":[{"name":"wp","href":"https:\/\/api.w.org\/{rel}","templated":true}]}}