{"id":17297,"date":"2024-02-05T10:54:01","date_gmt":"2024-02-05T13:54:01","guid":{"rendered":"https:\/\/maxradio923.com.ar\/index.php\/2024\/02\/05\/francos-adelanto-que-milei-vetara-cualquier-plan-de-coparticipar-el-impuesto-pais\/"},"modified":"2024-02-05T11:04:20","modified_gmt":"2024-02-05T14:04:20","slug":"francos-adelanto-que-milei-vetara-cualquier-plan-de-coparticipar-el-impuesto-pais","status":"publish","type":"post","link":"https:\/\/maxradio923.com.ar\/index.php\/2024\/02\/05\/francos-adelanto-que-milei-vetara-cualquier-plan-de-coparticipar-el-impuesto-pais\/","title":{"rendered":"Francos adelant\u00f3 que Milei vetar\u00e1 cualquier plan de coparticipar el Impuesto Pa\u00eds"},"content":{"rendered":"<p><img decoding=\"async\" src=\"https:\/\/diariod3.com\/wp-content\/uploads\/2024\/01\/Guillermo-Francos-1-750x430-1.webp\"\/><\/p>\n<figure>\n<\/figure>\n<p>El ministro del Interior, Guillermo Francos, a cargo de negociar con los gobernadores, insisti\u00f3 este lunes en que el Gobierno no coparticipar\u00e1 el Impuesto Pa\u00eds y anticip\u00f3 que el presidente Javier Milei vetar\u00e1 cualquier intento de avanzar con el reparto entre las provincias del tributo.<\/p>\n<p>\u00abEl Gobierno no acepta coparticipar el Impuesto PAIS, es un impuesto transitorio que termina cuando termina el cepo, y lo que no se puede hacer es generar una carga para el Estado sobre un impuesto que tiende a desaparecer y que despu\u00e9s genere, como una especie de obligaci\u00f3n a la naci\u00f3n, tener que suplantar esos ingresos que puedan tener las provincias con otros impuestos\u00bb, advirti\u00f3 el funcionario en una entrevista concedida a Radio Rivadavia.<\/p>\n<p>En la misma l\u00ednea, el funcionario asegur\u00f3 que \u00abla transitoriedad del impuesto hace que no sea factible coparticiparlo\u00bb, y afirm\u00f3 que si se establece el gravamen, el jefe de Estado \u00abtiene la facultad de vetarlo\u00bb debido a que \u00abha sido claro en la decisi\u00f3n de que no coparticiparlo\u00bb.<\/p>\n<p>Francos asegur\u00f3 que en el marco del encuentro que mantuvo con gobernadores en el CFI se dieron \u00abuna serie de malentendidos en este proceso de negociaciones\u00bb, producto de que la Naci\u00f3n ten\u00eda las cuentas \u00abestalladas\u00bb mientras que las provincias est\u00e1n en una situaci\u00f3n de estr\u00e9s de sus cuentas por la quita de los fondos coparticipables.<\/p>\n<p>\u00abTanto el Estado Nacional, que est\u00e1 haciendo un fuerte ajuste en todos los sectores, como tambi\u00e9n los provinciales que tambi\u00e9n lo hacen y lo deben hacer, es necesario para llevar a la Argentina a una situaci\u00f3n de d\u00e9ficit cero\u00bb, puntualiz\u00f3.<\/p>\n<p>Asimismo, el ministro pidi\u00f3 la aprobaci\u00f3n de la Ley \u00d3mnibus para poder avanzar con la negociaci\u00f3n del paquete general fiscal: \u00abSino nos abocamos a demasiados temas y no solucionamos ninguno\u00bb.<\/p>\n<p>\u00abPretendemos avanzar en esta ley, y despu\u00e9s sentarnos a conversar sobre el tema fiscal. No quiere decir que en la discusi\u00f3n de esta ley no haya temas en debate\u00bb, se sincer\u00f3.<\/p>\n<p>Por \u00faltimo, celebr\u00f3 la media sanci\u00f3n de la megaley en Diputados y revel\u00f3 que trabaja para que avance en la C\u00e1mara de Senadores.<\/p>\n<p>\u00abEsperamos conseguir el mismo apoyo que se obtuvo para instalar las autoridades del Senado. Suponemos que tambi\u00e9n vamos a tener apoyos para esta ley\u00bb, concluy\u00f3.<\/p>\n<p>Fuente: Diario de cuyo<\/p>\n<p>Rivero Cecilia<\/p>\n<p>La entrada <a href=\"https:\/\/diariod3.com\/francos-adelanto-que-milei-vetara-cualquier-plan-de-coparticipar-el-impuesto-pais\/\" rel=\"noreferrer noopener\" target=\"_blank\">Francos adelant\u00f3 que Milei vetar\u00e1 cualquier plan de coparticipar el Impuesto Pa\u00eds<\/a> se public\u00f3 primero en <a href=\"https:\/\/diariod3.com\/\" rel=\"noreferrer noopener\" target=\"_blank\">DIARIO D3 NOTICIAS | SAN JUAN ARGENTINA<\/a>.<\/p>\n","protected":false},"excerpt":{"rendered":"<p>El ministro del Interior, Guillermo Francos, a cargo de negociar con los gobernadores, insisti\u00f3 este lunes en que el Gobierno no coparticipar\u00e1 el Impuesto Pa\u00eds y anticip\u00f3 que el presidente Javier Milei vetar\u00e1 cualquier intento de avanzar con el reparto entre las provincias del tributo.<\/p>\n<p>\u00abEl Gobierno no acepta coparticipar el Impuesto PAIS, es un impuesto transitorio que termina cuando termina el cepo, y lo que no se puede hacer es generar una carga para el Estado sobre un impuesto que tiende a desaparecer y que despu\u00e9s genere, como una especie de obligaci\u00f3n a la naci\u00f3n, tener que suplantar esos ingresos que puedan tener las provincias con otros impuestos\u00bb, advirti\u00f3 el funcionario en una entrevista concedida a Radio Rivadavia.<\/p>\n<p>En la misma l\u00ednea, el funcionario asegur\u00f3 que \u00abla transitoriedad del impuesto hace que no sea factible coparticiparlo\u00bb, y afirm\u00f3 que si se establece el gravamen, el jefe de Estado \u00abtiene la facultad de vetarlo\u00bb debido a que \u00abha sido claro en la decisi\u00f3n de que no..<\/p>\n","protected":false},"author":2,"featured_media":17335,"comment_status":"closed","ping_status":"","sticky":false,"template":"","format":"standard","meta":{"footnotes":""},"categories":[12],"tags":[],"_links":{"self":[{"href":"https:\/\/maxradio923.com.ar\/index.php\/wp-json\/wp\/v2\/posts\/17297"}],"collection":[{"href":"https:\/\/maxradio923.com.ar\/index.php\/wp-json\/wp\/v2\/posts"}],"about":[{"href":"https:\/\/maxradio923.com.ar\/index.php\/wp-json\/wp\/v2\/types\/post"}],"author":[{"embeddable":true,"href":"https:\/\/maxradio923.com.ar\/index.php\/wp-json\/wp\/v2\/users\/2"}],"replies":[{"embeddable":true,"href":"https:\/\/maxradio923.com.ar\/index.php\/wp-json\/wp\/v2\/comments?post=17297"}],"version-history":[{"count":1,"href":"https:\/\/maxradio923.com.ar\/index.php\/wp-json\/wp\/v2\/posts\/17297\/revisions"}],"predecessor-version":[{"id":17334,"href":"https:\/\/maxradio923.com.ar\/index.php\/wp-json\/wp\/v2\/posts\/17297\/revisions\/17334"}],"wp:featuredmedia":[{"embeddable":true,"href":"https:\/\/maxradio923.com.ar\/index.php\/wp-json\/wp\/v2\/media\/17335"}],"wp:attachment":[{"href":"https:\/\/maxradio923.com.ar\/index.php\/wp-json\/wp\/v2\/media?parent=17297"}],"wp:term":[{"taxonomy":"category","embeddable":true,"href":"https:\/\/maxradio923.com.ar\/index.php\/wp-json\/wp\/v2\/categories?post=17297"},{"taxonomy":"post_tag","embeddable":true,"href":"https:\/\/maxradio923.com.ar\/index.php\/wp-json\/wp\/v2\/tags?post=17297"}],"curies":[{"name":"wp","href":"https:\/\/api.w.org\/{rel}","templated":true}]}}