{"id":17285,"date":"2024-02-05T10:51:22","date_gmt":"2024-02-05T13:51:22","guid":{"rendered":"https:\/\/maxradio923.com.ar\/index.php\/2024\/02\/05\/aumenta-la-luz-desde-febrero-sera-mas-cara-para-los-usuarios-de-mayores-ingresos\/"},"modified":"2024-02-05T10:51:22","modified_gmt":"2024-02-05T13:51:22","slug":"aumenta-la-luz-desde-febrero-sera-mas-cara-para-los-usuarios-de-mayores-ingresos","status":"publish","type":"post","link":"https:\/\/maxradio923.com.ar\/index.php\/2024\/02\/05\/aumenta-la-luz-desde-febrero-sera-mas-cara-para-los-usuarios-de-mayores-ingresos\/","title":{"rendered":"Aumenta la luz: desde febrero ser\u00e1 m\u00e1s cara para los usuarios de mayores ingresos"},"content":{"rendered":"<ul>\n<li>Energ\u00eda anunci\u00f3 el aumento del precio estacional de la energ\u00eda. <\/li>\n<li>A\u00fan falta que el ENRE traduzca esos valores en tarifas y fije tambi\u00e9n el incremento para el costo de la distribuci\u00f3n.<\/li>\n<\/ul>\n","protected":false},"excerpt":{"rendered":"<p>Energ\u00eda anunci\u00f3 el aumento del precio estacional de la energ\u00eda. A\u00fan falta que el ENRE traduzca esos valores en tarifas y fije tambi\u00e9n el incremento para el costo de la distribuci\u00f3n.<\/p>\n","protected":false},"author":2,"featured_media":17286,"comment_status":"","ping_status":"","sticky":false,"template":"","format":"standard","meta":{"footnotes":""},"categories":[2],"tags":[],"_links":{"self":[{"href":"https:\/\/maxradio923.com.ar\/index.php\/wp-json\/wp\/v2\/posts\/17285"}],"collection":[{"href":"https:\/\/maxradio923.com.ar\/index.php\/wp-json\/wp\/v2\/posts"}],"about":[{"href":"https:\/\/maxradio923.com.ar\/index.php\/wp-json\/wp\/v2\/types\/post"}],"author":[{"embeddable":true,"href":"https:\/\/maxradio923.com.ar\/index.php\/wp-json\/wp\/v2\/users\/2"}],"replies":[{"embeddable":true,"href":"https:\/\/maxradio923.com.ar\/index.php\/wp-json\/wp\/v2\/comments?post=17285"}],"version-history":[{"count":0,"href":"https:\/\/maxradio923.com.ar\/index.php\/wp-json\/wp\/v2\/posts\/17285\/revisions"}],"wp:featuredmedia":[{"embeddable":true,"href":"https:\/\/maxradio923.com.ar\/index.php\/wp-json\/wp\/v2\/media\/17286"}],"wp:attachment":[{"href":"https:\/\/maxradio923.com.ar\/index.php\/wp-json\/wp\/v2\/media?parent=17285"}],"wp:term":[{"taxonomy":"category","embeddable":true,"href":"https:\/\/maxradio923.com.ar\/index.php\/wp-json\/wp\/v2\/categories?post=17285"},{"taxonomy":"post_tag","embeddable":true,"href":"https:\/\/maxradio923.com.ar\/index.php\/wp-json\/wp\/v2\/tags?post=17285"}],"curies":[{"name":"wp","href":"https:\/\/api.w.org\/{rel}","templated":true}]}}