{"id":17283,"date":"2024-02-05T10:51:13","date_gmt":"2024-02-05T13:51:13","guid":{"rendered":"https:\/\/maxradio923.com.ar\/index.php\/2024\/02\/05\/elecciones-en-el-salvador-tras-su-holgada-victoria-nayib-bukele-se-dispone-a-gobernar-sin-oposicion\/"},"modified":"2024-02-05T10:51:13","modified_gmt":"2024-02-05T13:51:13","slug":"elecciones-en-el-salvador-tras-su-holgada-victoria-nayib-bukele-se-dispone-a-gobernar-sin-oposicion","status":"publish","type":"post","link":"https:\/\/maxradio923.com.ar\/index.php\/2024\/02\/05\/elecciones-en-el-salvador-tras-su-holgada-victoria-nayib-bukele-se-dispone-a-gobernar-sin-oposicion\/","title":{"rendered":"Elecciones en El Salvador: tras su holgada victoria, Nayib Bukele se dispone a gobernar sin oposici\u00f3n"},"content":{"rendered":"<p><img decoding=\"async\" alt=\"Nayib Bukele proclam\u00f3 en la noche del domingo su reelecci\u00f3n al atribuirse m\u00e1s del 85% de los votos. Foto: AP\" src=\"https:\/\/www.clarin.com\/img\/2024\/02\/05\/Waum7alNZ_720x0__1.jpg\"\/>Nayib Bukele proclam\u00f3 en la noche del domingo su reelecci\u00f3n al atribuirse m\u00e1s del 85% de los votos. Foto: AP<img decoding=\"async\" alt=\"Bukele saluda a la multitud desde el palacio presidencial. Foto: AP\" src=\"https:\/\/www.clarin.com\/img\/2024\/02\/05\/HDwsMhTL-_720x0__1.jpg\"\/>Bukele saluda a la multitud desde el palacio presidencial. Foto: AP<img decoding=\"async\" alt=\"Miles de simpatizantes gritaron y bailaron para celebrar el triunfo. Foto: AP\" src=\"https:\/\/www.clarin.com\/img\/2024\/02\/05\/UqOx-5tkl_720x0__1.jpg\"\/>Miles de simpatizantes gritaron y bailaron para celebrar el triunfo. Foto: AP<\/p>\n","protected":false},"excerpt":{"rendered":"<p>Nayib Bukele proclam\u00f3 en la noche del domingo su reelecci\u00f3n al atribuirse m\u00e1s del 85% de los votos. Foto: APBukele saluda a la multitud desde el palacio presidencial. Foto: APMiles de simpatizantes gritaron y bailaron para celebrar el triunfo. Foto: AP<\/p>\n","protected":false},"author":2,"featured_media":17284,"comment_status":"","ping_status":"","sticky":false,"template":"","format":"standard","meta":{"footnotes":""},"categories":[3],"tags":[],"_links":{"self":[{"href":"https:\/\/maxradio923.com.ar\/index.php\/wp-json\/wp\/v2\/posts\/17283"}],"collection":[{"href":"https:\/\/maxradio923.com.ar\/index.php\/wp-json\/wp\/v2\/posts"}],"about":[{"href":"https:\/\/maxradio923.com.ar\/index.php\/wp-json\/wp\/v2\/types\/post"}],"author":[{"embeddable":true,"href":"https:\/\/maxradio923.com.ar\/index.php\/wp-json\/wp\/v2\/users\/2"}],"replies":[{"embeddable":true,"href":"https:\/\/maxradio923.com.ar\/index.php\/wp-json\/wp\/v2\/comments?post=17283"}],"version-history":[{"count":0,"href":"https:\/\/maxradio923.com.ar\/index.php\/wp-json\/wp\/v2\/posts\/17283\/revisions"}],"wp:featuredmedia":[{"embeddable":true,"href":"https:\/\/maxradio923.com.ar\/index.php\/wp-json\/wp\/v2\/media\/17284"}],"wp:attachment":[{"href":"https:\/\/maxradio923.com.ar\/index.php\/wp-json\/wp\/v2\/media?parent=17283"}],"wp:term":[{"taxonomy":"category","embeddable":true,"href":"https:\/\/maxradio923.com.ar\/index.php\/wp-json\/wp\/v2\/categories?post=17283"},{"taxonomy":"post_tag","embeddable":true,"href":"https:\/\/maxradio923.com.ar\/index.php\/wp-json\/wp\/v2\/tags?post=17283"}],"curies":[{"name":"wp","href":"https:\/\/api.w.org\/{rel}","templated":true}]}}