{"id":17251,"date":"2024-02-04T02:13:52","date_gmt":"2024-02-04T05:13:52","guid":{"rendered":"https:\/\/maxradio923.com.ar\/index.php\/2024\/02\/04\/a-los-86-anos-murio-el-hijo-y-heredero-del-ultimo-rey-de-italia\/"},"modified":"2024-02-04T02:13:52","modified_gmt":"2024-02-04T05:13:52","slug":"a-los-86-anos-murio-el-hijo-y-heredero-del-ultimo-rey-de-italia","status":"publish","type":"post","link":"https:\/\/maxradio923.com.ar\/index.php\/2024\/02\/04\/a-los-86-anos-murio-el-hijo-y-heredero-del-ultimo-rey-de-italia\/","title":{"rendered":"A los 86 a\u00f1os, muri\u00f3 el hijo y heredero del \u00faltimo rey de Italia"},"content":{"rendered":"<p><img decoding=\"async\" alt=\"V\u00edctor Manuel y Marina de Saboya, cuando fueron a la boda real del rey Felipe de Espa\u00f1a y Letizia Ortiz. Foto AP\" src=\"https:\/\/www.clarin.com\/img\/2024\/02\/03\/QK-2oND2i_720x0__1.jpg\"\/>V\u00edctor Manuel y Marina de Saboya, cuando fueron a la boda real del rey Felipe de Espa\u00f1a y Letizia Ortiz. Foto AP<\/p>\n","protected":false},"excerpt":{"rendered":"<p>V\u00edctor Manuel y Marina de Saboya, cuando fueron a la boda real del rey Felipe de Espa\u00f1a y Letizia Ortiz. Foto AP<\/p>\n","protected":false},"author":2,"featured_media":17252,"comment_status":"","ping_status":"","sticky":false,"template":"","format":"standard","meta":{"footnotes":""},"categories":[3],"tags":[],"_links":{"self":[{"href":"https:\/\/maxradio923.com.ar\/index.php\/wp-json\/wp\/v2\/posts\/17251"}],"collection":[{"href":"https:\/\/maxradio923.com.ar\/index.php\/wp-json\/wp\/v2\/posts"}],"about":[{"href":"https:\/\/maxradio923.com.ar\/index.php\/wp-json\/wp\/v2\/types\/post"}],"author":[{"embeddable":true,"href":"https:\/\/maxradio923.com.ar\/index.php\/wp-json\/wp\/v2\/users\/2"}],"replies":[{"embeddable":true,"href":"https:\/\/maxradio923.com.ar\/index.php\/wp-json\/wp\/v2\/comments?post=17251"}],"version-history":[{"count":0,"href":"https:\/\/maxradio923.com.ar\/index.php\/wp-json\/wp\/v2\/posts\/17251\/revisions"}],"wp:featuredmedia":[{"embeddable":true,"href":"https:\/\/maxradio923.com.ar\/index.php\/wp-json\/wp\/v2\/media\/17252"}],"wp:attachment":[{"href":"https:\/\/maxradio923.com.ar\/index.php\/wp-json\/wp\/v2\/media?parent=17251"}],"wp:term":[{"taxonomy":"category","embeddable":true,"href":"https:\/\/maxradio923.com.ar\/index.php\/wp-json\/wp\/v2\/categories?post=17251"},{"taxonomy":"post_tag","embeddable":true,"href":"https:\/\/maxradio923.com.ar\/index.php\/wp-json\/wp\/v2\/tags?post=17251"}],"curies":[{"name":"wp","href":"https:\/\/api.w.org\/{rel}","templated":true}]}}