{"id":17242,"date":"2024-02-04T02:12:54","date_gmt":"2024-02-04T05:12:54","guid":{"rendered":"https:\/\/maxradio923.com.ar\/index.php\/2024\/02\/04\/cultura-se-reunio-con-municipios-para-delinear-acciones\/"},"modified":"2024-02-04T02:12:54","modified_gmt":"2024-02-04T05:12:54","slug":"cultura-se-reunio-con-municipios-para-delinear-acciones","status":"publish","type":"post","link":"https:\/\/maxradio923.com.ar\/index.php\/2024\/02\/04\/cultura-se-reunio-con-municipios-para-delinear-acciones\/","title":{"rendered":"Cultura se reuni\u00f3 con municipios para delinear acciones"},"content":{"rendered":"<p><img decoding=\"async\" src=\"https:\/\/diariod3.com\/wp-content\/uploads\/2024\/02\/cultura.webp\"\/><\/p>\n<p>Autoridades de la Secretar\u00eda de Cultura mantuvieron una reuni\u00f3n con representantes del \u00e1rea de los departamentos de la provincia y los directores de los espacios culturales, dependientes del Ministerio de Turismo, Cultura y Deporte.<\/p>\n<p>El encuentro gir\u00f3 en relaci\u00f3n a las acciones culturales programadas para este 2024. En este primer contacto, estuvo presente el ministro de Turismo, Cultura y Deporte, Guido Romero; el secretario de Cultura, Eduardo Varela y la subsecretaria general de Coordinaci\u00f3n Cultural, Marcela Zegaib.<\/p>\n<p>Romero destac\u00f3 que, de ahora en adelante, se buscar\u00e1 trabajar en conjunto con los municipios, brindando un apoyo incondicional a los departamentos y respetando cada una de las autonom\u00edas. En esta l\u00ednea, la pol\u00edtica del Gobierno de San Juan, es articular acciones para fomentar el crecimiento cultural de la provincia.<\/p>\n<p>Durante la reuni\u00f3n, que se realiz\u00f3 en el Centro Cultural Conte Grand, los representantes departamentales expusieron la planificaci\u00f3n de cada comuna y acordaron el trabajo en conjunto en distintas acciones.<\/p>\n<p>La entrada Cultura se reuni\u00f3 con municipios para delinear acciones se public\u00f3 primero en DIARIO D3 NOTICIAS | SAN JUAN ARGENTINA.<\/p>\n","protected":false},"excerpt":{"rendered":"<p>Autoridades de la Secretar\u00eda de Cultura mantuvieron una reuni\u00f3n con representantes del \u00e1rea de los departamentos de la provincia y los directores de los espacios culturales, dependientes del Ministerio de Turismo, Cultura y Deporte.<br \/>\n El encuentro gir\u00f3 en relaci\u00f3n a las acciones culturales programadas para este 2024. En este primer contacto, estuvo presente el ministro de Turismo, Cultura y Deporte, Guido Romero; el secretario de Cultura, Eduardo Varela y la subsecretaria general de Coordinaci\u00f3n Cultural, Marcela Zegaib.<br \/>\n Romero destac\u00f3 que, de ahora en adelante, se buscar\u00e1 trabajar en conjunto con los municipios, brindando un apoyo incondicional a los departamentos y respetando cada una de las autonom\u00edas. En esta l\u00ednea, la pol\u00edtica del Gobierno de San Juan, es articular acciones para fomentar el crecimiento cultural de la provincia.<br \/>\n Durante la reuni\u00f3n, que se realiz\u00f3 en el Centro Cultural Conte Grand, los representantes departamentales expusieron la planificaci\u00f3n de cada comuna y acor..<\/p>\n","protected":false},"author":2,"featured_media":17243,"comment_status":"","ping_status":"","sticky":false,"template":"","format":"standard","meta":{"footnotes":""},"categories":[10],"tags":[],"_links":{"self":[{"href":"https:\/\/maxradio923.com.ar\/index.php\/wp-json\/wp\/v2\/posts\/17242"}],"collection":[{"href":"https:\/\/maxradio923.com.ar\/index.php\/wp-json\/wp\/v2\/posts"}],"about":[{"href":"https:\/\/maxradio923.com.ar\/index.php\/wp-json\/wp\/v2\/types\/post"}],"author":[{"embeddable":true,"href":"https:\/\/maxradio923.com.ar\/index.php\/wp-json\/wp\/v2\/users\/2"}],"replies":[{"embeddable":true,"href":"https:\/\/maxradio923.com.ar\/index.php\/wp-json\/wp\/v2\/comments?post=17242"}],"version-history":[{"count":0,"href":"https:\/\/maxradio923.com.ar\/index.php\/wp-json\/wp\/v2\/posts\/17242\/revisions"}],"wp:featuredmedia":[{"embeddable":true,"href":"https:\/\/maxradio923.com.ar\/index.php\/wp-json\/wp\/v2\/media\/17243"}],"wp:attachment":[{"href":"https:\/\/maxradio923.com.ar\/index.php\/wp-json\/wp\/v2\/media?parent=17242"}],"wp:term":[{"taxonomy":"category","embeddable":true,"href":"https:\/\/maxradio923.com.ar\/index.php\/wp-json\/wp\/v2\/categories?post=17242"},{"taxonomy":"post_tag","embeddable":true,"href":"https:\/\/maxradio923.com.ar\/index.php\/wp-json\/wp\/v2\/tags?post=17242"}],"curies":[{"name":"wp","href":"https:\/\/api.w.org\/{rel}","templated":true}]}}