{"id":17236,"date":"2024-02-04T02:12:28","date_gmt":"2024-02-04T05:12:28","guid":{"rendered":"https:\/\/maxradio923.com.ar\/index.php\/2024\/02\/04\/la-emotiva-despedida-de-sylvester-stallone-a-carl-weathers-con-una-emblematica-imagen-de-rocky-de-fondo\/"},"modified":"2024-02-04T02:17:23","modified_gmt":"2024-02-04T05:17:23","slug":"la-emotiva-despedida-de-sylvester-stallone-a-carl-weathers-con-una-emblematica-imagen-de-rocky-de-fondo","status":"publish","type":"post","link":"https:\/\/maxradio923.com.ar\/index.php\/2024\/02\/04\/la-emotiva-despedida-de-sylvester-stallone-a-carl-weathers-con-una-emblematica-imagen-de-rocky-de-fondo\/","title":{"rendered":"La emotiva despedida de Sylvester Stallone a Carl Weathers, con una emblem\u00e1tica imagen de Rocky de fondo"},"content":{"rendered":"<p>La estrella de Hollywood comparti\u00f3 un video tras el fallecimiento de \u201cApollo Creed\u201d.  Schwarzenegger tambi\u00e9n despidi\u00f3 a su compa\u00f1ero en \u201cDepredador\u201d<\/p>\n","protected":false},"excerpt":{"rendered":"<p>La estrella de Hollywood comparti\u00f3 un video tras el fallecimiento de \u201cApollo Creed\u201d. Schwarzenegger tambi\u00e9n despidi\u00f3 a su compa\u00f1ero en \u201cDepredador\u201d<\/p>\n","protected":false},"author":2,"featured_media":17273,"comment_status":"closed","ping_status":"","sticky":false,"template":"","format":"standard","meta":{"footnotes":""},"categories":[4],"tags":[],"_links":{"self":[{"href":"https:\/\/maxradio923.com.ar\/index.php\/wp-json\/wp\/v2\/posts\/17236"}],"collection":[{"href":"https:\/\/maxradio923.com.ar\/index.php\/wp-json\/wp\/v2\/posts"}],"about":[{"href":"https:\/\/maxradio923.com.ar\/index.php\/wp-json\/wp\/v2\/types\/post"}],"author":[{"embeddable":true,"href":"https:\/\/maxradio923.com.ar\/index.php\/wp-json\/wp\/v2\/users\/2"}],"replies":[{"embeddable":true,"href":"https:\/\/maxradio923.com.ar\/index.php\/wp-json\/wp\/v2\/comments?post=17236"}],"version-history":[{"count":1,"href":"https:\/\/maxradio923.com.ar\/index.php\/wp-json\/wp\/v2\/posts\/17236\/revisions"}],"predecessor-version":[{"id":17272,"href":"https:\/\/maxradio923.com.ar\/index.php\/wp-json\/wp\/v2\/posts\/17236\/revisions\/17272"}],"wp:featuredmedia":[{"embeddable":true,"href":"https:\/\/maxradio923.com.ar\/index.php\/wp-json\/wp\/v2\/media\/17273"}],"wp:attachment":[{"href":"https:\/\/maxradio923.com.ar\/index.php\/wp-json\/wp\/v2\/media?parent=17236"}],"wp:term":[{"taxonomy":"category","embeddable":true,"href":"https:\/\/maxradio923.com.ar\/index.php\/wp-json\/wp\/v2\/categories?post=17236"},{"taxonomy":"post_tag","embeddable":true,"href":"https:\/\/maxradio923.com.ar\/index.php\/wp-json\/wp\/v2\/tags?post=17236"}],"curies":[{"name":"wp","href":"https:\/\/api.w.org\/{rel}","templated":true}]}}