{"id":17232,"date":"2024-02-04T02:12:15","date_gmt":"2024-02-04T05:12:15","guid":{"rendered":"https:\/\/maxradio923.com.ar\/index.php\/2024\/02\/04\/muerte-de-lucia-rubino-procesaron-por-homicidio-con-dolo-eventual-al-menor-que-conducia\/"},"modified":"2024-02-04T02:12:15","modified_gmt":"2024-02-04T05:12:15","slug":"muerte-de-lucia-rubino-procesaron-por-homicidio-con-dolo-eventual-al-menor-que-conducia","status":"publish","type":"post","link":"https:\/\/maxradio923.com.ar\/index.php\/2024\/02\/04\/muerte-de-lucia-rubino-procesaron-por-homicidio-con-dolo-eventual-al-menor-que-conducia\/","title":{"rendered":"Muerte de Luc\u00eda Rubi\u00f1o: procesaron por homicidio con dolo eventual al menor que conduc\u00eda"},"content":{"rendered":"<p><img decoding=\"async\" src=\"https:\/\/diariod3.com\/wp-content\/uploads\/2024\/01\/lucia-rubino1.jpg\"\/>   Es la primera vez que se aplica la figura en la Justicia de Menores. De ser encontrado culpable, la pena no es excarcelable.       <\/p>\n<p>La Jueza Penal de Ni\u00f1ez y Adolescencia, Mar\u00eda Julia Camus, resolvi\u00f3 procesar por<strong> homicidio con dolo eventual <\/strong>al menor que protagoniz\u00f3 el accidente en el Barrio Profesionales y que le cost\u00f3 la vida a Luc\u00eda Rubi\u00f1o Montilla, el 15 de octubre del a\u00f1o pasado. La resoluci\u00f3n es in\u00e9dita ya que es la primera vez que se aplica el dolo eventual en el caso de un menor.<\/p>\n<p>Adem\u00e1s, el joven de 17 a\u00f1os que conduc\u00eda en Sandero que atropell\u00f3 a la adolescente deber\u00e1 someterse a un tratamiento psiqui\u00e1trico durante 12 meses.<\/p>\n<p>De quedar firme la resoluci\u00f3n de la Jueza Camus, el paso siguiente es que la causa sea elevada a Juicio, instancia que estar\u00e1 a cargo del Juez Penal de Ni\u00f1ez y Adolescencia de la Primera Nominaci\u00f3n, Dr. Jorge Toro, quien deber\u00e1 resolver sobre la responsabilidad penal del menor. En el juicio, <strong>de ser encontrado culpable con la calificaci\u00f3n que le impuso la Jueza Camus, la pena no ser\u00eda excarcelable, ya que va de los 5 a\u00f1os y 4 meses a los 12 a\u00f1os y 6 meses de prisi\u00f3n.<\/strong><\/p>\n<p><strong>El caso<\/strong><\/p>\n<p>Cerca de las 3:25 de la ma\u00f1ana del 15 de octubre, Luc\u00eda Rubi\u00f1o muri\u00f3 atropellada por un Renault Sandero que corr\u00eda a alta velocidad por la calle Zonda del Barrio Profesional, en Rivadavia. El veh\u00edculo perdi\u00f3 el control cuando, supuestamente, esquiv\u00f3 a otro que ven\u00eda de frente a alta velocidad. Con tan mala suerte que ese auto pas\u00f3 la acequia y se estrell\u00f3 contra el port\u00f3n de una casa, aplastando contra esa estructura a Luc\u00eda, quien horas despu\u00e9s perdi\u00f3 la vida en el hospital.<\/p>\n<p>El conductor de ese auto, de 17 a\u00f1os y quien qued\u00f3 libre el 15 de diciembre, ya est\u00e1 imputado. En tanto que el otro joven, mayor de edad y quien conduc\u00eda la camioneta Toyota Hilux, tambi\u00e9n fue imputado y ser\u00e1 investigado durante doce meses. Durante ese tiempo el joven se someter\u00e1 a varias reglas de conducta y, por igual per\u00edodo, se le retendr\u00e1 la licencia de conducir<\/p>\n<p>La entrada Muerte de Luc\u00eda Rubi\u00f1o: procesaron por homicidio con dolo eventual al menor que conduc\u00eda se public\u00f3 primero en DIARIO D3 NOTICIAS | SAN JUAN ARGENTINA.<\/p>\n","protected":false},"excerpt":{"rendered":"<p>Es la primera vez que se aplica la figura en la Justicia de Menores. De ser encontrado culpable, la pena no es excarcelable. La Jueza Penal de Ni\u00f1ez y Adolescencia, Mar\u00eda Julia Camus, resolvi\u00f3 procesar por homicidio con dolo eventual al menor que protagoniz\u00f3 el accidente en el Barrio Profesionales y que le cost\u00f3 la vida a Luc\u00eda Rubi\u00f1o Montilla, el 15 de octubre del a\u00f1o pasado. La resoluci\u00f3n es in\u00e9dita ya que es la primera vez que se aplica el dolo eventual en el caso de un menor.<br \/>\n Adem\u00e1s, el joven de 17 a\u00f1os que conduc\u00eda en Sandero que atropell\u00f3 a la adolescente deber\u00e1 someterse a un tratamiento psiqui\u00e1trico durante 12 meses.<br \/>\n De quedar firme la resoluci\u00f3n de la Jueza Camus, el paso siguiente es que la causa sea elevada a Juicio, instancia que estar\u00e1 a cargo del Juez Penal de Ni\u00f1ez y Adolescencia de la Primera Nominaci\u00f3n, Dr. Jorge Toro, quien deber\u00e1 resolver sobre la responsabilidad penal del menor. En el juicio, de ser encontrado culpable con la calificaci\u00f3n que le impuso la Jueza Ca..<\/p>\n","protected":false},"author":2,"featured_media":17233,"comment_status":"","ping_status":"","sticky":false,"template":"","format":"standard","meta":{"footnotes":""},"categories":[8],"tags":[],"_links":{"self":[{"href":"https:\/\/maxradio923.com.ar\/index.php\/wp-json\/wp\/v2\/posts\/17232"}],"collection":[{"href":"https:\/\/maxradio923.com.ar\/index.php\/wp-json\/wp\/v2\/posts"}],"about":[{"href":"https:\/\/maxradio923.com.ar\/index.php\/wp-json\/wp\/v2\/types\/post"}],"author":[{"embeddable":true,"href":"https:\/\/maxradio923.com.ar\/index.php\/wp-json\/wp\/v2\/users\/2"}],"replies":[{"embeddable":true,"href":"https:\/\/maxradio923.com.ar\/index.php\/wp-json\/wp\/v2\/comments?post=17232"}],"version-history":[{"count":0,"href":"https:\/\/maxradio923.com.ar\/index.php\/wp-json\/wp\/v2\/posts\/17232\/revisions"}],"wp:featuredmedia":[{"embeddable":true,"href":"https:\/\/maxradio923.com.ar\/index.php\/wp-json\/wp\/v2\/media\/17233"}],"wp:attachment":[{"href":"https:\/\/maxradio923.com.ar\/index.php\/wp-json\/wp\/v2\/media?parent=17232"}],"wp:term":[{"taxonomy":"category","embeddable":true,"href":"https:\/\/maxradio923.com.ar\/index.php\/wp-json\/wp\/v2\/categories?post=17232"},{"taxonomy":"post_tag","embeddable":true,"href":"https:\/\/maxradio923.com.ar\/index.php\/wp-json\/wp\/v2\/tags?post=17232"}],"curies":[{"name":"wp","href":"https:\/\/api.w.org\/{rel}","templated":true}]}}