{"id":17227,"date":"2024-02-04T02:12:03","date_gmt":"2024-02-04T05:12:03","guid":{"rendered":"https:\/\/maxradio923.com.ar\/index.php\/2024\/02\/04\/el-gobierno-intervino-por-un-ano-radio-nacional-telam-tv-publica-y-otros-medios-del-estado\/"},"modified":"2024-02-04T02:16:59","modified_gmt":"2024-02-04T05:16:59","slug":"el-gobierno-intervino-por-un-ano-radio-nacional-telam-tv-publica-y-otros-medios-del-estado","status":"publish","type":"post","link":"https:\/\/maxradio923.com.ar\/index.php\/2024\/02\/04\/el-gobierno-intervino-por-un-ano-radio-nacional-telam-tv-publica-y-otros-medios-del-estado\/","title":{"rendered":"El Gobierno intervino por un a\u00f1o Radio Nacional, T\u00e9lam, TV P\u00fablica y otros medios del Estado"},"content":{"rendered":"<p><img decoding=\"async\" src=\"https:\/\/diariod3.com\/wp-content\/uploads\/2024\/02\/tv-publica-escandalo-bolsos-con-4-millones-1141471_crop1706979192916.jpg_1536916664.webp\"\/><\/p>\n<p>El presidente Javier Milei lo estableci\u00f3 a trav\u00e9s de un decreto y nombr\u00f3 interventores; \u201cse podr\u00e1 modificar la estructura del personal y administrar los fondos con el fin de mantener la sustentabilidad\u201d, sostiene la norma; posible paso a la privatizaci\u00f3n<\/p>\n<figure>\n<figure><img decoding=\"async\" src=\"https:\/\/www.diariodecuyo.com.ar\/__export\/1706979193457\/sites\/diariodecuyo\/img\/2024\/02\/03\/tv-publica-escandalo-bolsos-con-4-millones-1141471_crop1706979192916.jpg_1536916664.jpg\" alt=\"El Gobierno intervino por un a\u00f1o Radio Nacional, T\u00e9lam, TV P\u00fablica y otros medios del Estado -\"\/><\/figure>\n<\/figure>\n<p>Luego de que el Poder Ejecutivo delegara en la Jefatura de Gabinete la posibilidad de intervenir los medios p\u00fablicos, el Gobierno de Javier Milei, en l\u00ednea con sus promesas de campa\u00f1a, intervino por un a\u00f1o Radio Nacional, T\u00e9lam, TV P\u00fablica y otros medios p\u00fablicos con el fin de realizar una auditor\u00eda. Fue a trav\u00e9s de un decreto firmado por el Presidente y plasmado en las \u00faltimas horas en el Bolet\u00edn Oficial.<\/p>\n<p>De esta manera, el Gobierno allana el camino hacia la privatizaci\u00f3n de los medios en manos del Estado.<\/p>\n<p>A trav\u00e9s del Decreto de Necesidad y Urgencia (DNU) 111\/2024, el Gobierno dispuso la intervenci\u00f3n de Edu.ar, T\u00e9lam, Radio y Televisi\u00f3n Argentina y Contenidos P\u00fablicos, que nuclea la TV P\u00fablica, Encuentro, Pakapaka, DeporTV y la plataforma Contar.<\/p>\n<p>Luego de ganar el balotaje frente a Sergio Massa, Milei hab\u00eda ratificado su expresa voluntad de privatizar estas empresas, a las que lleg\u00f3 a definir como \u201cun mecanismo de propaganda\u201d, sobre todo la TV P\u00fablica, bajo su lema \u201ctodo lo que pueda estar en las manos del sector privado, va a estar en las manos del sector privado\u201d.<\/p>\n<p>El objetivo de esta intervenci\u00f3n, seg\u00fan el oficialismo, tiene varios ejes; entre ellos, \u201creformular y readecuar las sociedades, evaluar o modificar el personal o aprobar un nuevo Estatuto, evaluar o modificar el r\u00e9gimen de administraci\u00f3n de fondos, ampliando o reduciendo las partidas presupuestarias, modificar las contrataciones y la estructura de personal, y disponer de una auditor\u00eda integral sobre el estado de las instalaciones\u201d.<\/p>\n<p>Adem\u00e1s, el Gobierno ser\u00e1 el encargado de \u201cpresentar una rendici\u00f3n de cuentas, designar funcionarios y personal y encargarse de mantener la sustentabilidad de las empresas\u201d.<\/p>\n<p>El interventor designado por el Ejecutivo es Diego Mart\u00edn Chaher, mientras que el interventor adjunto es Diego Sebasti\u00e1n Mariassi, aunque funcionar\u00e1n bajo la \u00f3rbita de la Jefatura de Gabinete, comandado por Nicol\u00e1s Posse, quien tambi\u00e9n podr\u00e1 prorrogar la intervenci\u00f3n por una \u00fanica vez.<\/p>\n<p>Una disposici\u00f3n publicada en el Bolet\u00edn Oficial (BO) estableci\u00f3 que la Secretar\u00eda de Medios de Comunicaci\u00f3n pasara a cargo del portavoz Manuel Adorni, hasta ese momento bajo la \u00f3rbita de Eduardo Serenellini, secretario de Medios.<\/p>\n<p>Serenellini, entonces, qued\u00f3 vac\u00edo de poder y s\u00f3lo se qued\u00f3 con la Subsecretar\u00eda de Prensa, aunque s\u00f3lo en lo formal, ya que ese \u00e1rea est\u00e1 en manos de Javier Lanari, hombre que responde a Adorni, quien mantiene fuertes diferencias con Serenellini.<\/p>\n<p>Como resultado, Adorni, al igual que Posse, suman poder en el esquema interno del Gobierno, en el \u00e1rea de medios.<\/p>\n<p>La ley \u00f3mnibus, que obtuvo el viernes la aprobaci\u00f3n en general en Diputados, contiene un listado de empresas p\u00fablicas factibles de ser vendidas: todos estos medios p\u00fablicos se encuentran en la lista.<\/p>\n<p>Asimismo, durante diciembre de 2023, la TV P\u00fablica comenz\u00f3 a depender del Jefe de Gabinete, que tiene atribuciones para \u201cintervenir en los planes de acci\u00f3n y los presupuestos de las sociedades del Estado\u201d y tambi\u00e9n \u201cen su intervenci\u00f3n, liquidaci\u00f3n, cierre, privatizaci\u00f3n, fusi\u00f3n, disoluci\u00f3n o centralizaci\u00f3n\u201d. Es as\u00ed c\u00f3mo el Gobierno comenz\u00f3 a allanar el camino hacia la privatizaci\u00f3n, tal como prometi\u00f3 Milei.<\/p>\n<p>La entrada <a href=\"https:\/\/diariod3.com\/el-gobierno-intervino-por-un-ano-radio-nacional-telam-tv-publica-y-otros-medios-del-estado\/\" rel=\"noreferrer noopener\" target=\"_blank\">El Gobierno intervino por un a\u00f1o Radio Nacional, T\u00e9lam, TV P\u00fablica y otros medios del Estado<\/a> se public\u00f3 primero en <a href=\"https:\/\/diariod3.com\/\" rel=\"noreferrer noopener\" target=\"_blank\">DIARIO D3 NOTICIAS | SAN JUAN ARGENTINA<\/a>.<\/p>\n","protected":false},"excerpt":{"rendered":"<p>El presidente Javier Milei lo estableci\u00f3 a trav\u00e9s de un decreto y nombr\u00f3 interventores; \u201cse podr\u00e1 modificar la estructura del personal y administrar los fondos con el fin de mantener la sustentabilidad\u201d, sostiene la norma; posible paso a la privatizaci\u00f3n<\/p>\n<p>Luego de que el Poder Ejecutivo delegara en la Jefatura de Gabinete la posibilidad de intervenir los medios p\u00fablicos, el Gobierno de Javier Milei, en l\u00ednea con sus promesas de campa\u00f1a, intervino por un a\u00f1o Radio Nacional, T\u00e9lam, TV P\u00fablica y otros medios p\u00fablicos con el fin de realizar una auditor\u00eda. Fue a trav\u00e9s de un decreto firmado por el Presidente y plasmado en las \u00faltimas horas en el Bolet\u00edn Oficial.<\/p>\n<p>De esta manera, el Gobierno allana el camino hacia la privatizaci\u00f3n de los medios en manos del Estado.<\/p>\n<p>A trav\u00e9s del Decreto de Necesidad y Urgencia (DNU) 111\/2024, el Gobierno dispuso la intervenci\u00f3n de Edu.ar, T\u00e9lam, Radio y Televisi\u00f3n Argentina y Contenidos P\u00fablicos, que nuclea la TV P\u00fablica, Encuentro, Pakapaka, DeporTV y la pl..<\/p>\n","protected":false},"author":2,"featured_media":17264,"comment_status":"closed","ping_status":"","sticky":false,"template":"","format":"standard","meta":{"footnotes":""},"categories":[12],"tags":[],"_links":{"self":[{"href":"https:\/\/maxradio923.com.ar\/index.php\/wp-json\/wp\/v2\/posts\/17227"}],"collection":[{"href":"https:\/\/maxradio923.com.ar\/index.php\/wp-json\/wp\/v2\/posts"}],"about":[{"href":"https:\/\/maxradio923.com.ar\/index.php\/wp-json\/wp\/v2\/types\/post"}],"author":[{"embeddable":true,"href":"https:\/\/maxradio923.com.ar\/index.php\/wp-json\/wp\/v2\/users\/2"}],"replies":[{"embeddable":true,"href":"https:\/\/maxradio923.com.ar\/index.php\/wp-json\/wp\/v2\/comments?post=17227"}],"version-history":[{"count":1,"href":"https:\/\/maxradio923.com.ar\/index.php\/wp-json\/wp\/v2\/posts\/17227\/revisions"}],"predecessor-version":[{"id":17263,"href":"https:\/\/maxradio923.com.ar\/index.php\/wp-json\/wp\/v2\/posts\/17227\/revisions\/17263"}],"wp:featuredmedia":[{"embeddable":true,"href":"https:\/\/maxradio923.com.ar\/index.php\/wp-json\/wp\/v2\/media\/17264"}],"wp:attachment":[{"href":"https:\/\/maxradio923.com.ar\/index.php\/wp-json\/wp\/v2\/media?parent=17227"}],"wp:term":[{"taxonomy":"category","embeddable":true,"href":"https:\/\/maxradio923.com.ar\/index.php\/wp-json\/wp\/v2\/categories?post=17227"},{"taxonomy":"post_tag","embeddable":true,"href":"https:\/\/maxradio923.com.ar\/index.php\/wp-json\/wp\/v2\/tags?post=17227"}],"curies":[{"name":"wp","href":"https:\/\/api.w.org\/{rel}","templated":true}]}}