{"id":17203,"date":"2024-02-03T13:26:18","date_gmt":"2024-02-03T16:26:18","guid":{"rendered":"https:\/\/maxradio923.com.ar\/index.php\/2024\/02\/03\/turismo-acordo-con-bodegueros-nuevas-estrategias-para-potenciar-la-ruta-del-vino\/"},"modified":"2024-02-03T13:26:18","modified_gmt":"2024-02-03T16:26:18","slug":"turismo-acordo-con-bodegueros-nuevas-estrategias-para-potenciar-la-ruta-del-vino","status":"publish","type":"post","link":"https:\/\/maxradio923.com.ar\/index.php\/2024\/02\/03\/turismo-acordo-con-bodegueros-nuevas-estrategias-para-potenciar-la-ruta-del-vino\/","title":{"rendered":"Turismo acord\u00f3 con bodegueros nuevas estrategias para potenciar la Ruta del Vino"},"content":{"rendered":"<p><img decoding=\"async\" src=\"https:\/\/diariod3.com\/wp-content\/uploads\/2024\/02\/WhatsApp-Image-2024-02-02-at-18.53.37-1.jpeg\"\/> <\/p>\n<p>La secretaria de Turismo, Bel\u00e9n Barboza; junto al Subsecretario de Turismo, Juan Casta\u00f1ares; la directora de Desarrollo Tur\u00edstico, Natalia L\u00f3pez y la directora de Comunicaci\u00f3n y Promoci\u00f3n Tur\u00edstica, Andrea Herrera, recibieron a prestadores provenientes de los valles de Calingasta, Pedernal, Tul\u00fam y Ullum-Zonda.<\/p>\n<p><img decoding=\"async\" src=\"https:\/\/diariod3.com\/wp-content\/uploads\/2024\/02\/WhatsApp-Image-2024-02-02-at-18.53.37-2.webp\"\/> <img decoding=\"async\" src=\"https:\/\/diariod3.com\/wp-content\/uploads\/2024\/02\/WhatsApp-Image-2024-02-02-at-18.53.37-1.webp\"\/> <img decoding=\"async\" src=\"https:\/\/diariod3.com\/wp-content\/uploads\/2024\/02\/WhatsApp-Image-2024-02-02-at-18.53.37.webp\"\/> <img decoding=\"async\" src=\"https:\/\/diariod3.com\/wp-content\/uploads\/2024\/02\/WhatsApp-Image-2024-02-02-at-18.53.36.webp\"\/><\/p>\n<p>Con la impronta de la gesti\u00f3n del gobernador Marcelo Orrego, refrendada por el ministro de Turismo, Cultura y Deporte, Guido Romero, de escuchar a emprendedores y productores para elaborar programas impulsados por el sector p\u00fablico y privado en conjunto, el punto central de la jornada fue elaborar pautas para potenciar los productos tur\u00edsticos, que adquirieron gran importancia sobre todo desde la llegada de la Ruta del Vino. En este marco surgi\u00f3 la necesidad de reunirse con los prestadores, los cuales plantearon varias cuestiones a trabajar.<\/p>\n<p>Uno de los primeros temas que mencionados fue la necesidad de incluir a todos, ya que hay prestadores que no est\u00e1n dentro del producto Ruta del Vino siendo bodegas importantes dentro de la provincia de San Juan.<\/p>\n<p>Por otro lado, se trat\u00f3 la necesidad de mejorar la se\u00f1al\u00e9tica, ya que la carteler\u00eda est\u00e1 desactualizada o, en otros casos, a\u00fan no cuentan con ella.<\/p>\n<p>En este sentido, los emprendedores plantearon la necesidad de trabajar en conjunto con la C\u00e1mara de Bodegueros para avanzar con los Fan Tours, una estrategia que contribuir\u00e1 a hacer conocer a quienes transmiten o replican los servicios que brinda la provincia de San Juan.<\/p>\n<p>Tambi\u00e9n se dio a conocer que se realizar\u00e1 un An\u00e1lisis FODA -DAFO su sigla en ingl\u00e9s- que permite identificar las fortalezas, las oportunidades, las debilidades y las amenazas de un proyecto espec\u00edfico o de tu plan de negocios general, en este caso sobre el producto Ruta del Vino. Tambi\u00e9n surgi\u00f3 la necesidad de fortalecer la comunicaci\u00f3n y promoci\u00f3n para dar a conocer a\u00fan m\u00e1s del producto y las distintas actividades que los emprendimientos realizan.<\/p>\n<p>Otra inquietud recurrente fue la necesidad de trabajar de forma zonificada. Es decir, agrupar las bodegas del Valle de Tul\u00fam y diferenciarlas de las bodegas del Valle de Ullum-Zonda, ya que las problem\u00e1ticas son distintas.<\/p>\n<p>Por \u00faltimo, se realiz\u00f3 un pedido especial de retomar el programa Conocer Tus Bodegas, el cual le permitir\u00e1 al Ministerio de Turismo, Cultura y Deporte transmitir la oferta tur\u00edstica que tiene San Juan en cuanto a sus establecimientos vitivin\u00edcolas.<\/p>\n<p>OPERADOR: EUGENIA VILA<\/p>\n<p>La entrada Turismo acord\u00f3 con bodegueros nuevas estrategias para potenciar la Ruta del Vino se public\u00f3 primero en DIARIO D3 NOTICIAS | SAN JUAN ARGENTINA.<\/p>\n","protected":false},"excerpt":{"rendered":"<p>La secretaria de Turismo, Bel\u00e9n Barboza; junto al Subsecretario de Turismo, Juan Casta\u00f1ares; la directora de Desarrollo Tur\u00edstico, Natalia L\u00f3pez y la directora de Comunicaci\u00f3n y Promoci\u00f3n Tur\u00edstica, Andrea Herrera, recibieron a prestadores provenientes de los valles de Calingasta, Pedernal, Tul\u00fam y Ullum-Zonda.<\/p>\n<p> Con la impronta de la gesti\u00f3n del gobernador Marcelo Orrego, refrendada por el ministro de Turismo, Cultura y Deporte, Guido Romero, de escuchar a emprendedores y productores para elaborar programas impulsados por el sector p\u00fablico y privado en conjunto, el punto central de la jornada fue elaborar pautas para potenciar los productos tur\u00edsticos, que adquirieron gran importancia sobre todo desde la llegada de la Ruta del Vino. En este marco surgi\u00f3 la necesidad de reunirse con los prestadores, los cuales plantearon varias cuestiones a trabajar.<br \/>\n Uno de los primeros temas que mencionados fue la necesidad de incluir a todos, ya que hay prestadores que no est\u00e1n dentro del producto R..<\/p>\n","protected":false},"author":2,"featured_media":17204,"comment_status":"","ping_status":"","sticky":false,"template":"","format":"standard","meta":{"footnotes":""},"categories":[10],"tags":[],"_links":{"self":[{"href":"https:\/\/maxradio923.com.ar\/index.php\/wp-json\/wp\/v2\/posts\/17203"}],"collection":[{"href":"https:\/\/maxradio923.com.ar\/index.php\/wp-json\/wp\/v2\/posts"}],"about":[{"href":"https:\/\/maxradio923.com.ar\/index.php\/wp-json\/wp\/v2\/types\/post"}],"author":[{"embeddable":true,"href":"https:\/\/maxradio923.com.ar\/index.php\/wp-json\/wp\/v2\/users\/2"}],"replies":[{"embeddable":true,"href":"https:\/\/maxradio923.com.ar\/index.php\/wp-json\/wp\/v2\/comments?post=17203"}],"version-history":[{"count":0,"href":"https:\/\/maxradio923.com.ar\/index.php\/wp-json\/wp\/v2\/posts\/17203\/revisions"}],"wp:featuredmedia":[{"embeddable":true,"href":"https:\/\/maxradio923.com.ar\/index.php\/wp-json\/wp\/v2\/media\/17204"}],"wp:attachment":[{"href":"https:\/\/maxradio923.com.ar\/index.php\/wp-json\/wp\/v2\/media?parent=17203"}],"wp:term":[{"taxonomy":"category","embeddable":true,"href":"https:\/\/maxradio923.com.ar\/index.php\/wp-json\/wp\/v2\/categories?post=17203"},{"taxonomy":"post_tag","embeddable":true,"href":"https:\/\/maxradio923.com.ar\/index.php\/wp-json\/wp\/v2\/tags?post=17203"}],"curies":[{"name":"wp","href":"https:\/\/api.w.org\/{rel}","templated":true}]}}