{"id":17185,"date":"2024-02-03T13:25:40","date_gmt":"2024-02-03T16:25:40","guid":{"rendered":"https:\/\/maxradio923.com.ar\/index.php\/2024\/02\/03\/el-minibus-vuelve-a-recorrer-los-lugares-turisticos-de-pocito\/"},"modified":"2024-02-03T13:25:40","modified_gmt":"2024-02-03T16:25:40","slug":"el-minibus-vuelve-a-recorrer-los-lugares-turisticos-de-pocito","status":"publish","type":"post","link":"https:\/\/maxradio923.com.ar\/index.php\/2024\/02\/03\/el-minibus-vuelve-a-recorrer-los-lugares-turisticos-de-pocito\/","title":{"rendered":"El Minib\u00fas vuelve a recorrer los lugares tur\u00edsticos de Pocito"},"content":{"rendered":"\n<p>El servicio, que fue implementado en la anterior gesti\u00f3n del intendente Fabi\u00e1n Aballay y que se realiza en conjunto con la C\u00e1mara de Turismo de Pocito, es totalmente gratuito y tiene una duraci\u00f3n de cerca de cuatro horas.<\/p>\n<p>El itinerario comienza en la Plaza Departamental, donde los turistas conocen sobre la leyenda de la India Mariana y la historia de la Estatua de la Libertad. Posteriormente el Minib\u00fas los lleva a recorrer tres emprendimientos, socios de la C\u00e1mara de Turismo de Pocito, y que forman parte de la Ruta del Vino y del Olivo. En cada recorrido, se visitan diferentes bodegas o aceiteras. Los turistas deber\u00e1n abonar en cada establecimiento, en los casos que exista, un abono por cata, almuerzo, u otra actividad ofrecida.<\/p>\n<p>El viaje inaugural de la temporada 2024 lo realizaron Andrea y Gast\u00f3n, y Bianca y Alejandro, dos parejas de Buenos Aires, que visitaban por primera vez San Juan y que se fueron maravillados no solamente por los emprendimientos que visitaron, sino tambi\u00e9n por la belleza del paisaje pocitano.<\/p>\n<p>Las reservas para realizar dicho recorrido deben realizarse con 48 horas de anticipaci\u00f3n al n\u00famero 264-4766499. El cupo m\u00ednimo para poder realizar la visita es de cuatro personas, el m\u00e1ximo 18.<\/p>\n<p>OPERADOR: EUGENIA VILA<\/p>\n","protected":false},"excerpt":{"rendered":"<p>El servicio, que fue implementado en la anterior gesti\u00f3n del intendente Fabi\u00e1n Aballay y que se realiza en conjunto con la C\u00e1mara de Turismo de Pocito, es totalmente gratuito y tiene una duraci\u00f3n de cerca de cuatro horas.<br \/>\n El itinerario comienza en la Plaza Departamental, donde los turistas conocen sobre la leyenda de la India Mariana y la historia de la Estatua de la Libertad. Posteriormente el Minib\u00fas los lleva a recorrer tres emprendimientos, socios de la C\u00e1mara de Turismo de Pocito, y que forman parte de la Ruta del Vino y del Olivo. En cada recorrido, se visitan diferentes bodegas o aceiteras. Los turistas deber\u00e1n abonar en cada establecimiento, en los casos que exista, un abono por cata, almuerzo, u otra actividad ofrecida.<br \/>\n El viaje inaugural de la temporada 2024 lo realizaron Andrea y Gast\u00f3n, y Bianca y Alejandro, dos parejas de Buenos Aires, que visitaban por primera vez San Juan y que se fueron maravillados no solamente por los emprendimientos que visitaron, sino tambi\u00e9n por ..<\/p>\n","protected":false},"author":2,"featured_media":17186,"comment_status":"","ping_status":"","sticky":false,"template":"","format":"standard","meta":{"footnotes":""},"categories":[5],"tags":[],"_links":{"self":[{"href":"https:\/\/maxradio923.com.ar\/index.php\/wp-json\/wp\/v2\/posts\/17185"}],"collection":[{"href":"https:\/\/maxradio923.com.ar\/index.php\/wp-json\/wp\/v2\/posts"}],"about":[{"href":"https:\/\/maxradio923.com.ar\/index.php\/wp-json\/wp\/v2\/types\/post"}],"author":[{"embeddable":true,"href":"https:\/\/maxradio923.com.ar\/index.php\/wp-json\/wp\/v2\/users\/2"}],"replies":[{"embeddable":true,"href":"https:\/\/maxradio923.com.ar\/index.php\/wp-json\/wp\/v2\/comments?post=17185"}],"version-history":[{"count":0,"href":"https:\/\/maxradio923.com.ar\/index.php\/wp-json\/wp\/v2\/posts\/17185\/revisions"}],"wp:featuredmedia":[{"embeddable":true,"href":"https:\/\/maxradio923.com.ar\/index.php\/wp-json\/wp\/v2\/media\/17186"}],"wp:attachment":[{"href":"https:\/\/maxradio923.com.ar\/index.php\/wp-json\/wp\/v2\/media?parent=17185"}],"wp:term":[{"taxonomy":"category","embeddable":true,"href":"https:\/\/maxradio923.com.ar\/index.php\/wp-json\/wp\/v2\/categories?post=17185"},{"taxonomy":"post_tag","embeddable":true,"href":"https:\/\/maxradio923.com.ar\/index.php\/wp-json\/wp\/v2\/tags?post=17185"}],"curies":[{"name":"wp","href":"https:\/\/api.w.org\/{rel}","templated":true}]}}