{"id":17181,"date":"2024-02-03T13:25:35","date_gmt":"2024-02-03T16:25:35","guid":{"rendered":"https:\/\/maxradio923.com.ar\/index.php\/2024\/02\/03\/inseguridad-salia-para-irse-de-vacaciones-con-su-familia-y-lo-mataron-para-robarle-la-camioneta\/"},"modified":"2024-02-03T13:25:35","modified_gmt":"2024-02-03T16:25:35","slug":"inseguridad-salia-para-irse-de-vacaciones-con-su-familia-y-lo-mataron-para-robarle-la-camioneta","status":"publish","type":"post","link":"https:\/\/maxradio923.com.ar\/index.php\/2024\/02\/03\/inseguridad-salia-para-irse-de-vacaciones-con-su-familia-y-lo-mataron-para-robarle-la-camioneta\/","title":{"rendered":"Inseguridad: sal\u00eda para irse de vacaciones con su familia y lo mataron para robarle la camioneta"},"content":{"rendered":"<p><img decoding=\"async\" alt=\"El empresario asesinado en Merlo ten\u00eda 49 a\u00f1os y estaba a punto de irse de vacaciones a San Bernardo. Foto @TripoloneDaniel\" src=\"https:\/\/www.clarin.com\/img\/2024\/01\/31\/7ADeRYbA__720x0__1.jpg\"\/>El empresario asesinado en Merlo ten\u00eda 49 a\u00f1os y estaba a punto de irse de vacaciones a San Bernardo. Foto @TripoloneDaniel<img decoding=\"async\" alt=\"Leonardo Quinteros ten\u00eda 49 a\u00f1os y fue asesinado para robarle su camioneta en Merlo. Foto: TN\" src=\"https:\/\/www.clarin.com\/img\/2024\/01\/31\/Y0egvqZ3W_720x0__1.jpg\"\/>Leonardo Quinteros ten\u00eda 49 a\u00f1os y fue asesinado para robarle su camioneta en Merlo. Foto: TN<\/p>\n","protected":false},"excerpt":{"rendered":"<p>El empresario asesinado en Merlo ten\u00eda 49 a\u00f1os y estaba a punto de irse de vacaciones a San Bernardo. Foto @TripoloneDanielLeonardo Quinteros ten\u00eda 49 a\u00f1os y fue asesinado para robarle su camioneta en Merlo. Foto: TN<\/p>\n","protected":false},"author":2,"featured_media":17182,"comment_status":"","ping_status":"","sticky":false,"template":"","format":"standard","meta":{"footnotes":""},"categories":[6],"tags":[],"_links":{"self":[{"href":"https:\/\/maxradio923.com.ar\/index.php\/wp-json\/wp\/v2\/posts\/17181"}],"collection":[{"href":"https:\/\/maxradio923.com.ar\/index.php\/wp-json\/wp\/v2\/posts"}],"about":[{"href":"https:\/\/maxradio923.com.ar\/index.php\/wp-json\/wp\/v2\/types\/post"}],"author":[{"embeddable":true,"href":"https:\/\/maxradio923.com.ar\/index.php\/wp-json\/wp\/v2\/users\/2"}],"replies":[{"embeddable":true,"href":"https:\/\/maxradio923.com.ar\/index.php\/wp-json\/wp\/v2\/comments?post=17181"}],"version-history":[{"count":0,"href":"https:\/\/maxradio923.com.ar\/index.php\/wp-json\/wp\/v2\/posts\/17181\/revisions"}],"wp:featuredmedia":[{"embeddable":true,"href":"https:\/\/maxradio923.com.ar\/index.php\/wp-json\/wp\/v2\/media\/17182"}],"wp:attachment":[{"href":"https:\/\/maxradio923.com.ar\/index.php\/wp-json\/wp\/v2\/media?parent=17181"}],"wp:term":[{"taxonomy":"category","embeddable":true,"href":"https:\/\/maxradio923.com.ar\/index.php\/wp-json\/wp\/v2\/categories?post=17181"},{"taxonomy":"post_tag","embeddable":true,"href":"https:\/\/maxradio923.com.ar\/index.php\/wp-json\/wp\/v2\/tags?post=17181"}],"curies":[{"name":"wp","href":"https:\/\/api.w.org\/{rel}","templated":true}]}}