{"id":17173,"date":"2024-02-03T13:25:23","date_gmt":"2024-02-03T16:25:23","guid":{"rendered":"https:\/\/maxradio923.com.ar\/index.php\/2024\/02\/03\/desacuerdos-y-presiones-los-entretelones-detras-del-rechazo-de-francia-al-pacto-con-el-mercosur\/"},"modified":"2024-02-03T13:25:23","modified_gmt":"2024-02-03T16:25:23","slug":"desacuerdos-y-presiones-los-entretelones-detras-del-rechazo-de-francia-al-pacto-con-el-mercosur","status":"publish","type":"post","link":"https:\/\/maxradio923.com.ar\/index.php\/2024\/02\/03\/desacuerdos-y-presiones-los-entretelones-detras-del-rechazo-de-francia-al-pacto-con-el-mercosur\/","title":{"rendered":"Desacuerdos y presiones: los entretelones detr\u00e1s del rechazo de Francia al pacto con el Mercosur"},"content":{"rendered":"<p><img decoding=\"async\" alt=\"En Mil\u00e1n, Italia, tambi\u00e9n hay protestas de los productores rurales contra la pol\u00edtica agraria oficial. Foto: EFE \" src=\"https:\/\/www.clarin.com\/img\/2024\/02\/02\/SxnVzmwvs_720x0__1.jpg\"\/>En Mil\u00e1n, Italia, tambi\u00e9n hay protestas de los productores rurales contra la pol\u00edtica agraria oficial. Foto: EFE<\/p>\n","protected":false},"excerpt":{"rendered":"<p>En Mil\u00e1n, Italia, tambi\u00e9n hay protestas de los productores rurales contra la pol\u00edtica agraria oficial. Foto: EFE<\/p>\n","protected":false},"author":2,"featured_media":17174,"comment_status":"","ping_status":"","sticky":false,"template":"","format":"standard","meta":{"footnotes":""},"categories":[3],"tags":[],"_links":{"self":[{"href":"https:\/\/maxradio923.com.ar\/index.php\/wp-json\/wp\/v2\/posts\/17173"}],"collection":[{"href":"https:\/\/maxradio923.com.ar\/index.php\/wp-json\/wp\/v2\/posts"}],"about":[{"href":"https:\/\/maxradio923.com.ar\/index.php\/wp-json\/wp\/v2\/types\/post"}],"author":[{"embeddable":true,"href":"https:\/\/maxradio923.com.ar\/index.php\/wp-json\/wp\/v2\/users\/2"}],"replies":[{"embeddable":true,"href":"https:\/\/maxradio923.com.ar\/index.php\/wp-json\/wp\/v2\/comments?post=17173"}],"version-history":[{"count":0,"href":"https:\/\/maxradio923.com.ar\/index.php\/wp-json\/wp\/v2\/posts\/17173\/revisions"}],"wp:featuredmedia":[{"embeddable":true,"href":"https:\/\/maxradio923.com.ar\/index.php\/wp-json\/wp\/v2\/media\/17174"}],"wp:attachment":[{"href":"https:\/\/maxradio923.com.ar\/index.php\/wp-json\/wp\/v2\/media?parent=17173"}],"wp:term":[{"taxonomy":"category","embeddable":true,"href":"https:\/\/maxradio923.com.ar\/index.php\/wp-json\/wp\/v2\/categories?post=17173"},{"taxonomy":"post_tag","embeddable":true,"href":"https:\/\/maxradio923.com.ar\/index.php\/wp-json\/wp\/v2\/tags?post=17173"}],"curies":[{"name":"wp","href":"https:\/\/api.w.org\/{rel}","templated":true}]}}