{"id":17163,"date":"2024-02-03T13:25:01","date_gmt":"2024-02-03T16:25:01","guid":{"rendered":"https:\/\/maxradio923.com.ar\/index.php\/2024\/02\/03\/preocupacion-en-el-empresariado-turistico-por-quedar-fuera-del-programa-cuota-simple\/"},"modified":"2024-02-03T13:25:01","modified_gmt":"2024-02-03T16:25:01","slug":"preocupacion-en-el-empresariado-turistico-por-quedar-fuera-del-programa-cuota-simple","status":"publish","type":"post","link":"https:\/\/maxradio923.com.ar\/index.php\/2024\/02\/03\/preocupacion-en-el-empresariado-turistico-por-quedar-fuera-del-programa-cuota-simple\/","title":{"rendered":"Preocupaci\u00f3n en el empresariado tur\u00edstico por quedar fuera del programa Cuota Simple"},"content":{"rendered":"<p><img decoding=\"async\" src=\"https:\/\/diariod3.com\/wp-content\/uploads\/2024\/02\/64b2ce80b5b9f_1200.jpg\"\/>     \u00abNo entendemos bien el mecanismo o la idea, ya que el consumo est\u00e1 sufriendo una retracci\u00f3n importante, no solo en cuanto a la llegada de gente sino que se est\u00e1 consumiendo menos\u201d, afirm\u00f3 el presidente de la C\u00e1mara de Turismo de Bariloche, N\u00e9stor Denoya.             POR CORRESPONSAL              <\/p>\n<figure><img decoding=\"async\" src=\"https:\/\/www.telam.com.ar\/thumbs\/bluesteel\/advf\/imagenes\/2023\/07\/64b2ce80b5b9f_1200.jpg\" alt=\"Foto Eugenia Neme \"\/><figcaption>Foto: Eugenia Neme<\/figcaption><\/figure>\n<p>Los empresarios tur\u00edsticos de la ciudad rionegrina de San Carlos de Bariloche se manifestaron este viernes \u00abpreocupados\u00bb por quedar excluidos del flamante programa Cuota Simple, en un contexto sostenido de consumo a la baja, y pese a cuestionar la falta de di\u00e1logo con el gobierno nacional ponderaron la llegada de Daniel Scioli al Gabinete por su conocimiento del sector.<\/p>\n<p>\u201cLa verdad es que estamos preocupados por la situaci\u00f3n. No entendemos bien el mecanismo o la idea, ya que el consumo est\u00e1 sufriendo una retracci\u00f3n importante, no solo en cuanto a la llegada de gente (a la ciudad) sino que la gente que llega est\u00e1 consumiendo menos\u201d, afirm\u00f3 a T\u00e9lam el presidente de la C\u00e1mara de Turismo de Bariloche, N\u00e9stor Denoya.<\/p>\n<p>As\u00ed se refiri\u00f3 el empresario a la entrada en <strong>vigencia de Cuota Simple<\/strong>, el programa que reemplaza al Ahora 12 y <strong>permite financiar compras en tres o seis cuotas fijas,<\/strong> del cual qued\u00f3 fuera el sector tur\u00edstico.<\/p>\n<p>Esta decisi\u00f3n de no incorporar al rubro en el programa \u201c<strong>va a implicar un impacto en todas las ciudades y regiones\u201d <\/strong>en las que se hace turismo, \u201cporque hoy todos buscamos algo para ver de qu\u00e9 manera pagamos, sobre todo porque todo aumenta\u201d, analiz\u00f3 Denoya.<\/p>\n<p>Destac\u00f3 que desde el sector ven\u00edan percibiendo una baja en el consumo no solo en estos \u00faltimos meses sino durante todo 2023, y se\u00f1al\u00f3 que si bien en el contexto inflacionario del a\u00f1o pasado una porci\u00f3n significativa de visitantes prefer\u00eda no usar el Ahora 12 por el inter\u00e9s que ofrec\u00eda, \u201cla herramienta estaba\u201d.<\/p>\n<p>\u201c<strong>El tema es que ahora no tenemos herramienta, entonces es un paso atr\u00e1s\u201d<\/strong>, sostuvo el titular de la C\u00e1mara, y cuestion\u00f3 la falta de di\u00e1logo fluido con el Gobierno para obtener respuestas ante esta situaci\u00f3n.<\/p>\n<p>\u201cEst\u00e1 dif\u00edcil el ida y vuelta. No s\u00e9 si es por el poco tiempo que llevan en el Gobierno o por esta coyuntura que estamos viviendo, con todo el foco puesto en el Congreso, pero la verdad es que es muy dif\u00edcil\u201d, se\u00f1al\u00f3 Denoya.<\/p>\n<p>En este marco, consider\u00f3 que \u201ces una noticia interesante que llegue (a la Secretar\u00eda de Turismo, Daniel) Scioli\u201d.<\/p>\n<p>\u201cPorque lo conocemos de muchos a\u00f1os y porque en estos \u00faltimos cuatro a\u00f1os nos ha acompa\u00f1ado en Brasil\u201d, remarc\u00f3 el dirigente gremial empresario, sobre quien opin\u00f3 \u201ces una figura, y aparte tiene un peso espec\u00edfico, un peso relevante, y una persona que te contesta, te dice s\u00ed o no, pero te contesta\u201d.<\/p>\n<h2>Sobre el Previaje<\/h2>\n<p>Por otra parte, hizo hincapi\u00e9 en la <strong>relevancia que para la econom\u00eda local y el turismo<\/strong> en general ten\u00eda \u201cel \u00faltimo <strong>Previaje<\/strong>, que era el aplicado a las bajas temporadas, con una importancia sobre la conservaci\u00f3n del trabajo\u201d -porque el empleado dejaba de ser un trabajador temporal- y porque \u201calargaba la temporada\u201d.<\/p>\n<p>En este sentido, <strong>cuestion\u00f3 la eliminaci\u00f3n del programa<\/strong> s\u00f3lo por haber nacido de un Gobierno con signo pol\u00edtico destino (por la administraci\u00f3n de Alberto Fern\u00e1ndez) \u201csin siquiera analizarlo\u201d, una consecuencia de lo que consider\u00f3 como \u201ceste p\u00e9ndulo permanente que vive el pa\u00eds\u201d, que impide que \u201cning\u00fan logro de ning\u00fan gobierno se sostiene tras la llegada de otro gobierno\u201d.<\/p>\n<p>\u201c<strong>Porque el turismo funciona a partir de la de previsibilidad<\/strong>\u201d, explic\u00f3 Denoya, quien sostuvo: \u201cAhora nosotros tenemos que esperar que el pa\u00eds se calme y que al menos la gente sepa cu\u00e1nto va a salir la canasta b\u00e1sica, si el s\u00faper va a seguir aumentando o no, porque hasta la persona hoy que est\u00e1 bien econ\u00f3micamente\u201d posterga los viajes.<\/p>\n<p>La entrada Preocupaci\u00f3n en el empresariado tur\u00edstico por quedar fuera del programa Cuota Simple se public\u00f3 primero en DIARIO D3 NOTICIAS | SAN JUAN ARGENTINA.<\/p>\n","protected":false},"excerpt":{"rendered":"<p>\u00abNo entendemos bien el mecanismo o la idea, ya que el consumo est\u00e1 sufriendo una retracci\u00f3n importante, no solo en cuanto a la llegada de gente sino que se est\u00e1 consumiendo menos\u201d, afirm\u00f3 el presidente de la C\u00e1mara de Turismo de Bariloche, N\u00e9stor Denoya. POR CORRESPONSAL Foto: Eugenia Neme Los empresarios tur\u00edsticos de la ciudad rionegrina de San Carlos de Bariloche se manifestaron este viernes \u00abpreocupados\u00bb por quedar excluidos del flamante programa Cuota Simple, en un contexto sostenido de consumo a la baja, y pese a cuestionar la falta de di\u00e1logo con el gobierno nacional ponderaron la llegada de Daniel Scioli al Gabinete por su conocimiento del sector.<br \/>\n \u201cLa verdad es que estamos preocupados por la situaci\u00f3n. No entendemos bien el mecanismo o la idea, ya que el consumo est\u00e1 sufriendo una retracci\u00f3n importante, no solo en cuanto a la llegada de gente (a la ciudad) sino que la gente que llega est\u00e1 consumiendo menos\u201d, afirm\u00f3 a T\u00e9lam el presidente de la C\u00e1mara de Turismo de Bariloche, N\u00e9..<\/p>\n","protected":false},"author":2,"featured_media":17164,"comment_status":"","ping_status":"","sticky":false,"template":"","format":"standard","meta":{"footnotes":""},"categories":[10],"tags":[],"_links":{"self":[{"href":"https:\/\/maxradio923.com.ar\/index.php\/wp-json\/wp\/v2\/posts\/17163"}],"collection":[{"href":"https:\/\/maxradio923.com.ar\/index.php\/wp-json\/wp\/v2\/posts"}],"about":[{"href":"https:\/\/maxradio923.com.ar\/index.php\/wp-json\/wp\/v2\/types\/post"}],"author":[{"embeddable":true,"href":"https:\/\/maxradio923.com.ar\/index.php\/wp-json\/wp\/v2\/users\/2"}],"replies":[{"embeddable":true,"href":"https:\/\/maxradio923.com.ar\/index.php\/wp-json\/wp\/v2\/comments?post=17163"}],"version-history":[{"count":0,"href":"https:\/\/maxradio923.com.ar\/index.php\/wp-json\/wp\/v2\/posts\/17163\/revisions"}],"wp:featuredmedia":[{"embeddable":true,"href":"https:\/\/maxradio923.com.ar\/index.php\/wp-json\/wp\/v2\/media\/17164"}],"wp:attachment":[{"href":"https:\/\/maxradio923.com.ar\/index.php\/wp-json\/wp\/v2\/media?parent=17163"}],"wp:term":[{"taxonomy":"category","embeddable":true,"href":"https:\/\/maxradio923.com.ar\/index.php\/wp-json\/wp\/v2\/categories?post=17163"},{"taxonomy":"post_tag","embeddable":true,"href":"https:\/\/maxradio923.com.ar\/index.php\/wp-json\/wp\/v2\/tags?post=17163"}],"curies":[{"name":"wp","href":"https:\/\/api.w.org\/{rel}","templated":true}]}}