{"id":1716,"date":"2023-09-04T15:54:27","date_gmt":"2023-09-04T13:54:27","guid":{"rendered":"https:\/\/maxradio923.com\/index.php\/2023\/09\/04\/patricia-bullrich-no-tenemos-que-estar-mas-presos-de-lo-que-hace-macri\/"},"modified":"2023-09-04T17:54:46","modified_gmt":"2023-09-04T15:54:46","slug":"patricia-bullrich-no-tenemos-que-estar-mas-presos-de-lo-que-hace-macri","status":"publish","type":"post","link":"https:\/\/maxradio923.com.ar\/index.php\/2023\/09\/04\/patricia-bullrich-no-tenemos-que-estar-mas-presos-de-lo-que-hace-macri\/","title":{"rendered":"Patricia Bullrich: \u201cNo tenemos que estar m\u00e1s presos de lo que hace Macri\u201d"},"content":{"rendered":"<p><img decoding=\"async\" src=\"https:\/\/diariod3.com\/inicio\/wp-content\/uploads\/2023\/09\/Q6UAYLUIOS5WGCOCXJOA7NYVOQ.jpg\"\/><\/p>\n<p>La candidata presidencial de Juntos por el Cambio, Patricia Bullrich, volvi\u00f3 a mostrar sus diferencias con su contendiente Javier Milei<\/p>\n<p>La candidata presidencial de Juntos por el Cambio Patricia Bullrich relativiz\u00f3 el rol de Mauricio Macri en la campa\u00f1a y pidi\u00f3 que la dirigencia del partido no vuelva a caer en el error de estar presa de los movimientos del ex mandatario.<\/p>\n<p>\u201cNosotros hemos estado siempre presos en Juntos por el Cambio de \u201cqu\u00e9 iba a hacer Macri\u201d y me parece que no tenemos que estar m\u00e1s presos, Macri hace lo que \u00e9l considera que tiene que hacer, nosotros tenemos que liberar a todo Juntos por el Cambio y que Mauricio se acomode como \u00e9l crea que se debe acomodar\u201d, asegur\u00f3 Bullrich.<\/p>\n<p>La pregunta sobre el rol del ex jefe de Estado surgi\u00f3 en virtud de los coqueteos que el fundador del partido mantuvo con Javier Milei, el ganador de las PASO. \u201cSi alguien no quiere estar en el andarivel de Juntos por el Cambio es su decisi\u00f3n, pero no creo que Macri est\u00e9 en esa posici\u00f3n\u201d, plante\u00f3 Bullrich algo molesta por la cuesti\u00f3n.<\/p>\n<p>La postulante a la sucesi\u00f3n de Alberto Fern\u00e1ndez cruz\u00f3 luego al l\u00edder de la Libertad Avanza, Javier Milei, con cr\u00edticas a la dolarizaci\u00f3n y sostuvo que \u201cest\u00e1 bien una econom\u00eda de mercado\u201d, aunque remarc\u00f3 que \u201cla sociedad no es mercantilista\u201d.<\/p>\n<p>La exministra de Seguridad sostuvo: \u201cNo s\u00e9 cu\u00e1les son las propuestas econ\u00f3micas de Milei ahora. Hab\u00eda dicho \u2018dolarizaci\u00f3n\u2019, con eso gener\u00f3 una intuici\u00f3n, sobre todo en los j\u00f3venes que piensan en d\u00f3lares, de que iba a dolarizar el pa\u00eds y ahora dice \u2018mi programa va a durar 35 a\u00f1os\u2019. Bueno, los j\u00f3venes esos van a tener 60 a\u00f1os \u00bfCu\u00e1l es el plan econ\u00f3mico que tiene Milei?\u201d.<\/p>\n<p>\u201cMilei es un te\u00f3rico de la econom\u00eda, habla de una cantidad de autores, como yo como cientista pol\u00edtica podr\u00eda hablar sobre una cantidad de autores y darte una c\u00e1tedra. Ahora, lo que plante\u00f3 es imposible, es inaplicable\u201d, agreg\u00f3 en di\u00e1logo con TN.<\/p>\n<p>Te puede interesar:Patricia Bullrich, con eje en la econom\u00eda: ver\u00e1 a un Premio Nobel que es experto en inflaci\u00f3n y confirmar\u00e1 a Melconian como ministro<\/p>\n<p>En tanto, insisti\u00f3 con que \u201cno sabemos cu\u00e1l es el plan\u201d y describi\u00f3 al l\u00edder liberal como un \u201ceconomista te\u00f3rico\u201d. \u201cLa econom\u00eda real es la que te sent\u00e1s el 10 de diciembre y ese d\u00eda agarrar el volante para llevar adelante los cambios que el pa\u00eds necesita\u201d, explic\u00f3.<\/p>\n<p>\u201cNosotros sabemos qu\u00e9 vamos a hacer el primer d\u00eda, que leyes vamos a derogar, qu\u00e9 leyes vamos a votar, cu\u00e1les son todas las trabas que tiene la argentina, donde est\u00e1 el costo argentino que tiene que bajar para que la Argentina sea competitiva. C\u00f3mo vamos a ayudar a las PyMEs. Tenemos muy en claro todos y cada una de las decisiones que vamos a tomar en pol\u00edtica econ\u00f3mica, en pol\u00edtica social, en seguridad, en educaci\u00f3n\u201d, se\u00f1al\u00f3.<\/p>\n<p>Adem\u00e1s, la referente del PRO remarc\u00f3 que \u201cel ser humano argentino est\u00e1 herido\u201d y volvi\u00f3 a criticar la mirada del economista liberal: \u201cEst\u00e1 bien una econom\u00eda de mercado, ahora la sociedad no es mercantilista. A la sociedad y al ser humano hay que cuidarlo\u201d.<\/p>\n<p><img decoding=\"async\" src=\"https:\/\/www.infobae.com\/new-resizer\/v_THvNL6Y4tUHz0Evt0YFyRLwhA=\/arc-anglerfish-arc2-prod-infobae\/public\/BOCNT775I5DKTOZPIPBZXFSQFE.jpg\" alt=\"Patricia Bullrich explic\u00f3 cu\u00e1l es el rol que espera de Mauricio Macri en la campa\u00f1a electoral. \"\/>Patricia Bullrich explic\u00f3 cu\u00e1l es el rol que espera de Mauricio Macri en la campa\u00f1a electoral.<\/p>\n<p>Mientras tanto, este lunes Bullrich se prepara para presentar a algunos de los nombres que tendr\u00e1n peso en un eventual gobierno suyo en caso de ser elegida. Tras la oficializaci\u00f3n de Carlos Melconian, se espera que haya una reuni\u00f3n con los \u201cequipos de gobierno\u201d que hay en el entorno de la exministra.<\/p>\n<p>Seg\u00fan supo Infobae, desde Juntos por el Cambio destacan que el distintivo con Milei pasa por la presencia de dirigentes de peso pol\u00edtico con experiencia de gesti\u00f3n.<\/p>\n<p>\u201cEs tan importante que Juntos por el Cambio gane esta elecci\u00f3n y que la sociedad entienda que este Juntos por el Cambio se la va a jugar, no va a ser light. Vamos a cambiar realmente, a cambiar de verdad\u201d, dijo Bullrich en la noche del domingo.<\/p>\n<p>En ese sentido, seg\u00fan explicaron, en la reuni\u00f3n con los representantes de los equipos t\u00e9cnicos de JxC se buscar\u00e1 \u201cuna foto de unidad con dirigentes de alto nivel\u201d. Adem\u00e1s, este martes la exministra difundir\u00e1 un documento con un paquete de propuestas y medidas que desea ejecutar si gana las elecciones.<\/p>\n<p><strong>FUENTE: INFOBAE<\/strong><\/p>\n<p><strong>OPERADOR: ANA PAULA CARRASCO<\/strong><\/p>\n<p>La entrada <a href=\"https:\/\/diariod3.com\/inicio\/patricia-bullrich-no-tenemos-que-estar-mas-presos-de-lo-que-hace-macri\/\" rel=\"noreferrer noopener\" target=\"_blank\">Patricia Bullrich: \u201cNo tenemos que estar m\u00e1s presos de lo que hace Macri\u201d<\/a> se public\u00f3 primero en <a href=\"https:\/\/diariod3.com\/inicio\" rel=\"noreferrer noopener\" target=\"_blank\">DIARIO D3 NOTICIAS<\/a>.<\/p>\n","protected":false},"excerpt":{"rendered":"<p>La candidata presidencial de Juntos por el Cambio, Patricia Bullrich, volvi\u00f3 a mostrar sus diferencias con su contendiente Javier Milei La candidata presidencial de Juntos por el Cambio Patricia Bullrich relativiz\u00f3 el rol de Mauricio Macri en la campa\u00f1a y pidi\u00f3 que la dirigencia del partido no vuelva a caer en el error de estar [&hellip;]<\/p>\n","protected":false},"author":2,"featured_media":1741,"comment_status":"closed","ping_status":"","sticky":false,"template":"","format":"standard","meta":{"footnotes":""},"categories":[12],"tags":[],"_links":{"self":[{"href":"https:\/\/maxradio923.com.ar\/index.php\/wp-json\/wp\/v2\/posts\/1716"}],"collection":[{"href":"https:\/\/maxradio923.com.ar\/index.php\/wp-json\/wp\/v2\/posts"}],"about":[{"href":"https:\/\/maxradio923.com.ar\/index.php\/wp-json\/wp\/v2\/types\/post"}],"author":[{"embeddable":true,"href":"https:\/\/maxradio923.com.ar\/index.php\/wp-json\/wp\/v2\/users\/2"}],"replies":[{"embeddable":true,"href":"https:\/\/maxradio923.com.ar\/index.php\/wp-json\/wp\/v2\/comments?post=1716"}],"version-history":[{"count":0,"href":"https:\/\/maxradio923.com.ar\/index.php\/wp-json\/wp\/v2\/posts\/1716\/revisions"}],"wp:featuredmedia":[{"embeddable":true,"href":"https:\/\/maxradio923.com.ar\/index.php\/wp-json\/wp\/v2\/media\/1741"}],"wp:attachment":[{"href":"https:\/\/maxradio923.com.ar\/index.php\/wp-json\/wp\/v2\/media?parent=1716"}],"wp:term":[{"taxonomy":"category","embeddable":true,"href":"https:\/\/maxradio923.com.ar\/index.php\/wp-json\/wp\/v2\/categories?post=1716"},{"taxonomy":"post_tag","embeddable":true,"href":"https:\/\/maxradio923.com.ar\/index.php\/wp-json\/wp\/v2\/tags?post=1716"}],"curies":[{"name":"wp","href":"https:\/\/api.w.org\/{rel}","templated":true}]}}