{"id":17149,"date":"2024-02-03T13:24:32","date_gmt":"2024-02-03T16:24:32","guid":{"rendered":"https:\/\/maxradio923.com.ar\/index.php\/2024\/02\/03\/trabajadores-de-la-carne-cerraron-un-acuerdo-salarial-por-enero-febrero-y-marzo\/"},"modified":"2024-02-03T13:25:45","modified_gmt":"2024-02-03T16:25:45","slug":"trabajadores-de-la-carne-cerraron-un-acuerdo-salarial-por-enero-febrero-y-marzo","status":"publish","type":"post","link":"https:\/\/maxradio923.com.ar\/index.php\/2024\/02\/03\/trabajadores-de-la-carne-cerraron-un-acuerdo-salarial-por-enero-febrero-y-marzo\/","title":{"rendered":"Trabajadores de la carne cerraron un acuerdo salarial por enero, febrero y marzo"},"content":{"rendered":"<p><img decoding=\"async\" src=\"https:\/\/diariod3.com\/wp-content\/uploads\/2024\/02\/carne.jpg\"\/><\/p>\n<p>La Federaci\u00f3n Gremial del Personal de la Industria de la Carne consigui\u00f3 una recomposici\u00f3n salarial del 190% a partir de febrero y 230% desde marzo, ambas calculadas al tercer mes del 2023.<\/p>\n<figure><img decoding=\"async\" src=\"https:\/\/www.telam.com.ar\/thumbs\/bluesteel\/advf\/imagenes\/2023\/01\/63d53700e2821_1200.jpg\" alt=\"El acuerdo salarial comprende los meses de enero febrero y marzo de 2024 Foto Leo Vaca\"\/><figcaption>El acuerdo salarial comprende los meses de enero, febrero y marzo de 2024. Foto: Leo Vaca.<\/figcaption><\/figure>\n<p><strong>Trabajadores de la carne<\/strong> cerraron una <strong>recomposici\u00f3n salarial<\/strong> y <strong>nueva base de negociaci\u00f3n del 324,5% al mes de marzo 2024<\/strong>, se inform\u00f3 a trav\u00e9s de un comunicado difundido por la Federaci\u00f3n Gremial del Personal de la Industria de la Carne y sus Derivados, liderada por Alberto Jos\u00e9 Fantini.<\/p>\n<p>El acuerdo salarial se celebr\u00f3 en el convenio colectivo de Trabajo N\u00b056\/75 y comprende los meses de enero, febrero y marzo de 2024, seg\u00fan consignaron fuentes gremiales.<\/p>\n<p>La organizaci\u00f3n sindical negoci\u00f3 este entendimiento con la <strong>Asociaci\u00f3n de Frigor\u00edficos e Industriales de la Carne<\/strong> (AFIC), la <strong>C\u00e1mara de Frigor\u00edficos de Argentina<\/strong> (CAFRA), las <strong>C\u00e1maras de Frigor\u00edficos de Santa Fe<\/strong> (CAFRISA), la <strong>C\u00e1mara de Exportadores de Carnes Argentinas<\/strong> (CECA), la <strong>C\u00e1mara de Industrias C\u00e1rnicas de Entre R\u00edos<\/strong> (CICER), la <strong>Federaci\u00f3n de Industrias Frigor\u00edficas Regionales Argentinas<\/strong> (FRIFRA) y la <strong>Uni\u00f3n de la Industria C\u00e1rnica Argentina<\/strong> (UNICA).<\/p>\n<figure><img decoding=\"async\" src=\"https:\/\/www.telam.com.ar\/thumbs\/bluesteel\/advf\/imagenes\/editadas\/61d2ec6264d2e_1200.jpg\" alt=\"La Federacin de la Carne cuenta con ms de 50000 afiliados distribuidos en ms de 70 Filiales en todo el pas\"\/><figcaption>La Federaci\u00f3n de la Carne, cuenta con m\u00e1s de 50.000 afiliados distribuidos en m\u00e1s de 70 Filiales en todo el pa\u00eds.<\/figcaption><\/figure>\n<p>Estableci\u00f3 de esta forma una asignaci\u00f3n no remunerativa de $150.000 por recomposici\u00f3n salarial por el mes de enero de 2024 que se incorporar\u00e1 como base de negociaci\u00f3n para la nueva paritaria salarial que tendr\u00e1 vigencia desde abril de 2024 a marzo de 2025. Adem\u00e1s, los trabajadores acordaron una recomposici\u00f3n salarial del 190% a partir de febrero y 230% desde marzo, ambas calculadas al tercer mes del 2023.<\/p>\n<p>\u201cLa situaci\u00f3n econ\u00f3mica es complicada para las y los trabajadores y, adem\u00e1s, la industria tiene cierta incertidumbre ante el contexto pol\u00edtico y econ\u00f3mico del pa\u00eds\u201d, destac\u00f3 Fantini.<\/p>\n<p>En ese sentido, agreg\u00f3 que \u201cen este dif\u00edcil marco creo que logramos un buen acuerdo que hace que no se pierda el poder adquisitivo de nuestra gente frente a la inflaci\u00f3n\u201d.<\/p>\n<p>La Federaci\u00f3n de la Carne, cuenta con m\u00e1s de 50.000 afiliados distribuidos en m\u00e1s de 70 Filiales en todo el pa\u00eds.<\/p>\n<p>La entrada <a href=\"https:\/\/diariod3.com\/trabajadores-de-la-carne-cerraron-un-acuerdo-salarial-por-enero-febrero-y-marzo\/\" rel=\"noreferrer noopener\" target=\"_blank\">Trabajadores de la carne cerraron un acuerdo salarial por enero, febrero y marzo<\/a> se public\u00f3 primero en <a href=\"https:\/\/diariod3.com\/\" rel=\"noreferrer noopener\" target=\"_blank\">DIARIO D3 NOTICIAS | SAN JUAN ARGENTINA<\/a>.<\/p>\n","protected":false},"excerpt":{"rendered":"<p>La Federaci\u00f3n Gremial del Personal de la Industria de la Carne consigui\u00f3 una recomposici\u00f3n salarial del 190% a partir de febrero y 230% desde marzo, ambas calculadas al tercer mes del 2023.<\/p>\n<p>El acuerdo salarial comprende los meses de enero, febrero y marzo de 2024. Foto: Leo Vaca.<br \/>\nTrabajadores de la carne cerraron una recomposici\u00f3n salarial y nueva base de negociaci\u00f3n del 324,5% al mes de marzo 2024, se inform\u00f3 a trav\u00e9s de un comunicado difundido por la Federaci\u00f3n Gremial del Personal de la Industria de la Carne y sus Derivados, liderada por Alberto Jos\u00e9 Fantini.<\/p>\n<p>El acuerdo salarial se celebr\u00f3 en el convenio colectivo de Trabajo N\u00b056\/75 y comprende los meses de enero, febrero y marzo de 2024, seg\u00fan consignaron fuentes gremiales.<\/p>\n<p>La organizaci\u00f3n sindical negoci\u00f3 este entendimiento con la Asociaci\u00f3n de Frigor\u00edficos e Industriales de la Carne (AFIC), la C\u00e1mara de Frigor\u00edficos de Argentina (CAFRA), las C\u00e1maras de Frigor\u00edficos de Santa Fe (CAFRISA), la C\u00e1mara de Exportadores de Carnes Arg..<\/p>\n","protected":false},"author":2,"featured_media":17190,"comment_status":"closed","ping_status":"","sticky":false,"template":"","format":"standard","meta":{"footnotes":""},"categories":[12],"tags":[],"_links":{"self":[{"href":"https:\/\/maxradio923.com.ar\/index.php\/wp-json\/wp\/v2\/posts\/17149"}],"collection":[{"href":"https:\/\/maxradio923.com.ar\/index.php\/wp-json\/wp\/v2\/posts"}],"about":[{"href":"https:\/\/maxradio923.com.ar\/index.php\/wp-json\/wp\/v2\/types\/post"}],"author":[{"embeddable":true,"href":"https:\/\/maxradio923.com.ar\/index.php\/wp-json\/wp\/v2\/users\/2"}],"replies":[{"embeddable":true,"href":"https:\/\/maxradio923.com.ar\/index.php\/wp-json\/wp\/v2\/comments?post=17149"}],"version-history":[{"count":1,"href":"https:\/\/maxradio923.com.ar\/index.php\/wp-json\/wp\/v2\/posts\/17149\/revisions"}],"predecessor-version":[{"id":17189,"href":"https:\/\/maxradio923.com.ar\/index.php\/wp-json\/wp\/v2\/posts\/17149\/revisions\/17189"}],"wp:featuredmedia":[{"embeddable":true,"href":"https:\/\/maxradio923.com.ar\/index.php\/wp-json\/wp\/v2\/media\/17190"}],"wp:attachment":[{"href":"https:\/\/maxradio923.com.ar\/index.php\/wp-json\/wp\/v2\/media?parent=17149"}],"wp:term":[{"taxonomy":"category","embeddable":true,"href":"https:\/\/maxradio923.com.ar\/index.php\/wp-json\/wp\/v2\/categories?post=17149"},{"taxonomy":"post_tag","embeddable":true,"href":"https:\/\/maxradio923.com.ar\/index.php\/wp-json\/wp\/v2\/tags?post=17149"}],"curies":[{"name":"wp","href":"https:\/\/api.w.org\/{rel}","templated":true}]}}