{"id":17147,"date":"2024-02-03T13:24:31","date_gmt":"2024-02-03T16:24:31","guid":{"rendered":"https:\/\/maxradio923.com.ar\/index.php\/2024\/02\/03\/daniel-arroyo-pense-que-iba-a-haber-menos-votos-de-la-ucr-y-de-hacemos\/"},"modified":"2024-02-04T02:17:00","modified_gmt":"2024-02-04T05:17:00","slug":"daniel-arroyo-pense-que-iba-a-haber-menos-votos-de-la-ucr-y-de-hacemos","status":"publish","type":"post","link":"https:\/\/maxradio923.com.ar\/index.php\/2024\/02\/03\/daniel-arroyo-pense-que-iba-a-haber-menos-votos-de-la-ucr-y-de-hacemos\/","title":{"rendered":"Daniel Arroyo: \u00abPens\u00e9 que iba a haber menos votos de la UCR y de Hacemos\u00bb"},"content":{"rendered":"<p><img decoding=\"async\" src=\"https:\/\/diariod3.com\/wp-content\/uploads\/2024\/02\/arroyo.jpg\"\/><\/p>\n<p>El exministro de Desarrollo Social asegur\u00f3 que por el momento \u00abno queda claro si el Ejecutivo tendr\u00e1 facultades en lo fiscal, si las tendr\u00e1 en lo previsional lo cual ser\u00e1 muy malo para los jubilados, y tampoco se sabe en materia de seguridad\u00bb.<\/p>\n<figure><img decoding=\"async\" src=\"https:\/\/www.telam.com.ar\/thumbs\/bluesteel\/advf\/imagenes\/2022\/09\/63238d403d1f5_1200.jpg\" alt=\"Foto Camila Arroyo\"\/><figcaption>Foto: Camila Arroyo.<\/figcaption><\/figure>\n<p>El diputado nacional <strong>Daniel Arroyo (UxP)<\/strong> asegur\u00f3 este s\u00e1bado sentirse <strong>\u00absorprendido\u00bb ante la \u00abcantidad de votos positivos\u00bb<\/strong> que los bloques de la <strong>UCR y Hacemos Coalici\u00f3n Federal<\/strong> le dieron al proyecto de ley \u00abBases\u00bb, que obtuvo este viernes media sanci\u00f3n en la C\u00e1mara baja.<\/p>\n<p>\u00abMe sorprendi\u00f3 bastante. Pens\u00e9 que iba a haber menos votos del bloque radical y lo mismo del bloque de Hacemos (que conduce el diputado Miguel \u00c1ngel Pichetto). <strong>Pens\u00e9 que algunos, o se iban a abstener o que iban a votar en contra<\/strong>\u00ab, resalt\u00f3 Arroyo en declaraciones al canal C5N.<\/p>\n<p>La C\u00e1mara de Diputados <strong>aprob\u00f3 en general por 144 votos contra 109 el proyecto de Ley \u00abBases\u00bb<\/strong>, y pas\u00f3 a cuarto intermedio hasta el martes pr\u00f3ximo para el tratamiento de la iniciativa art\u00edculo por art\u00edculo, debido a que el oficialismo y los bloques denominados dialoguistas deben superar diferencias sobre privatizaciones, el Fondo de Garant\u00eda y la coparticipaci\u00f3n del Impuesto Pa\u00eds.<\/p>\n<p>La iniciativa fue votada con el respaldo de 38 diputados de la Libertad Avanza, 32 de la UCR, 37 del PRO, 18 de Hacemos Coalici\u00f3n Federal, 9 de Innovaci\u00f3n Federal, 1 de Creo; 1 de Avanza Libertad, 2 de Producci\u00f3n y Trabajo, 2 de Buenos Libre, 3 de Independencia y 1 de Uni\u00f3n Mendocina.<\/p>\n<p>En tanto, el exministro de Desarrollo Social a\u00f1adi\u00f3 hoy que \u00ablamentablemente\u00bb como consecuencia de esa adhesi\u00f3n desde el oficialismo \u00ablograron un triunfo importante\u00bb pero opin\u00f3 que \u00abla ley es solo un t\u00edtulo por ahora porque hay que ver qu\u00e9 pasa con cada art\u00edculo en particular\u00bb.<\/p>\n<figure><img decoding=\"async\" src=\"https:\/\/www.telam.com.ar\/thumbs\/bluesteel\/advf\/imagenes\/2024\/02\/65bc35995f219_1200.jpg\" alt=\"Foto Florencia Downes\"\/><figcaption>Foto: Florencia Downes.<\/figcaption><\/figure>\n<p>\u00abHasta el momento tengo entendido que no hay acuerdo en qu\u00e9 tipo de emergencia hay, no queda claro tampoco si el Ejecutivo tendr\u00e1 facultades en lo fiscal, si las tendr\u00e1 en lo previsional lo cual ser\u00e1 muy malo para los jubilados, y tampoco se sabe en materia de seguridad\u00bb, enumer\u00f3 el legislador.<\/p>\n<p>Arroyo manifest\u00f3 adem\u00e1s que \u00abla ley es absurda\u00bb porque \u00abarranc\u00f3 con 660 art\u00edculos y hablaba de diversos temas pero se fue transformando y ayer ten\u00eda 384 art\u00edculos que tienen que ver con el tema de la delegaci\u00f3n de facultades, las privatizaciones y seguridad\u00bb.<\/p>\n<p>\u00abPor otra parte, sobre las 41 empresas que se iban a privatizar sacaron algunas y tambi\u00e9n queda pendiente el debate sobre el impuesto PAIS y el Fondo de Sustentabilidad que es la plata de los jubilados. En esto no hay certezas y por eso pasaron la votaci\u00f3n art\u00edculo por art\u00edculo para el martes\u00bb, a\u00f1adi\u00f3.<\/p>\n<p>Adem\u00e1s Arroyo se refiri\u00f3 a los incidentes registrados fuera del Congreso y al accionar policial: \u00abSe reprime sin mirar a qui\u00e9n y de forma brutal\u00bb, defini\u00f3 y cont\u00f3 que \u00abcuando salimos los diputados (el jueves pasado en el marco del debate) estaba claro que los polic\u00edas tiraban sin mirar a quien y pegaban a mansalva\u00bb.<\/p>\n<p>La entrada <a href=\"https:\/\/diariod3.com\/daniel-arroyo-pense-que-iba-a-haber-menos-votos-de-la-ucr-y-de-hacemos\/\" rel=\"noreferrer noopener\" target=\"_blank\">Daniel Arroyo: \u00abPens\u00e9 que iba a haber menos votos de la UCR y de Hacemos\u00bb<\/a> se public\u00f3 primero en <a href=\"https:\/\/diariod3.com\/\" rel=\"noreferrer noopener\" target=\"_blank\">DIARIO D3 NOTICIAS | SAN JUAN ARGENTINA<\/a>.<\/p>\n","protected":false},"excerpt":{"rendered":"<p>El exministro de Desarrollo Social asegur\u00f3 que por el momento \u00abno queda claro si el Ejecutivo tendr\u00e1 facultades en lo fiscal, si las tendr\u00e1 en lo previsional lo cual ser\u00e1 muy malo para los jubilados, y tampoco se sabe en materia de seguridad\u00bb.<\/p>\n<p>Foto: Camila Arroyo.<br \/>\nEl diputado nacional Daniel Arroyo (UxP) asegur\u00f3 este s\u00e1bado sentirse \u00absorprendido\u00bb ante la \u00abcantidad de votos positivos\u00bb que los bloques de la UCR y Hacemos Coalici\u00f3n Federal le dieron al proyecto de ley \u00abBases\u00bb, que obtuvo este viernes media sanci\u00f3n en la C\u00e1mara baja.<\/p>\n<p>\u00abMe sorprendi\u00f3 bastante. Pens\u00e9 que iba a haber menos votos del bloque radical y lo mismo del bloque de Hacemos (que conduce el diputado Miguel \u00c1ngel Pichetto). Pens\u00e9 que algunos, o se iban a abstener o que iban a votar en contra\u00ab, resalt\u00f3 Arroyo en declaraciones al canal C5N.<\/p>\n<p>La C\u00e1mara de Diputados aprob\u00f3 en general por 144 votos contra 109 el proyecto de Ley \u00abBases\u00bb, y pas\u00f3 a cuarto intermedio hasta el martes pr\u00f3ximo para el tratamiento de la iniciativa ar..<\/p>\n","protected":false},"author":2,"featured_media":17265,"comment_status":"closed","ping_status":"","sticky":false,"template":"","format":"standard","meta":{"footnotes":""},"categories":[12],"tags":[],"_links":{"self":[{"href":"https:\/\/maxradio923.com.ar\/index.php\/wp-json\/wp\/v2\/posts\/17147"}],"collection":[{"href":"https:\/\/maxradio923.com.ar\/index.php\/wp-json\/wp\/v2\/posts"}],"about":[{"href":"https:\/\/maxradio923.com.ar\/index.php\/wp-json\/wp\/v2\/types\/post"}],"author":[{"embeddable":true,"href":"https:\/\/maxradio923.com.ar\/index.php\/wp-json\/wp\/v2\/users\/2"}],"replies":[{"embeddable":true,"href":"https:\/\/maxradio923.com.ar\/index.php\/wp-json\/wp\/v2\/comments?post=17147"}],"version-history":[{"count":1,"href":"https:\/\/maxradio923.com.ar\/index.php\/wp-json\/wp\/v2\/posts\/17147\/revisions"}],"predecessor-version":[{"id":17187,"href":"https:\/\/maxradio923.com.ar\/index.php\/wp-json\/wp\/v2\/posts\/17147\/revisions\/17187"}],"wp:featuredmedia":[{"embeddable":true,"href":"https:\/\/maxradio923.com.ar\/index.php\/wp-json\/wp\/v2\/media\/17265"}],"wp:attachment":[{"href":"https:\/\/maxradio923.com.ar\/index.php\/wp-json\/wp\/v2\/media?parent=17147"}],"wp:term":[{"taxonomy":"category","embeddable":true,"href":"https:\/\/maxradio923.com.ar\/index.php\/wp-json\/wp\/v2\/categories?post=17147"},{"taxonomy":"post_tag","embeddable":true,"href":"https:\/\/maxradio923.com.ar\/index.php\/wp-json\/wp\/v2\/tags?post=17147"}],"curies":[{"name":"wp","href":"https:\/\/api.w.org\/{rel}","templated":true}]}}