{"id":17141,"date":"2024-02-03T13:21:26","date_gmt":"2024-02-03T16:21:26","guid":{"rendered":"https:\/\/maxradio923.com.ar\/index.php\/2024\/02\/03\/cayo-un-sospechoso-por-el-crimen-de-maria-lucrecia-arias-en-castelar-tenia-el-celular-de-la-victima\/"},"modified":"2024-02-03T13:21:26","modified_gmt":"2024-02-03T16:21:26","slug":"cayo-un-sospechoso-por-el-crimen-de-maria-lucrecia-arias-en-castelar-tenia-el-celular-de-la-victima","status":"publish","type":"post","link":"https:\/\/maxradio923.com.ar\/index.php\/2024\/02\/03\/cayo-un-sospechoso-por-el-crimen-de-maria-lucrecia-arias-en-castelar-tenia-el-celular-de-la-victima\/","title":{"rendered":"Cay\u00f3 un sospechoso por el crimen de Mar\u00eda Lucrecia Arias en Castelar: ten\u00eda el celular de la v\u00edctima"},"content":{"rendered":"<p><img decoding=\"async\" alt=\"La v\u00edctima fue asesinada cuando llegaba a su casa en Castelar.\" src=\"https:\/\/www.clarin.com\/img\/2024\/02\/02\/Lo4bwDMA__720x0__1.jpg\"\/>La v\u00edctima fue asesinada cuando llegaba a su casa en Castelar.<img decoding=\"async\" alt=\"Marcha para pedir Justicia tras el crimen de Mar\u00eda Arias.\" src=\"https:\/\/www.clarin.com\/img\/2024\/01\/29\/GdrcTK8lZ_720x0__1.jpg\"\/>Marcha para pedir Justicia tras el crimen de Mar\u00eda Arias.<\/p>\n","protected":false},"excerpt":{"rendered":"<p>La v\u00edctima fue asesinada cuando llegaba a su casa en Castelar.Marcha para pedir Justicia tras el crimen de Mar\u00eda Arias.<\/p>\n","protected":false},"author":2,"featured_media":17142,"comment_status":"","ping_status":"","sticky":false,"template":"","format":"standard","meta":{"footnotes":""},"categories":[6],"tags":[],"_links":{"self":[{"href":"https:\/\/maxradio923.com.ar\/index.php\/wp-json\/wp\/v2\/posts\/17141"}],"collection":[{"href":"https:\/\/maxradio923.com.ar\/index.php\/wp-json\/wp\/v2\/posts"}],"about":[{"href":"https:\/\/maxradio923.com.ar\/index.php\/wp-json\/wp\/v2\/types\/post"}],"author":[{"embeddable":true,"href":"https:\/\/maxradio923.com.ar\/index.php\/wp-json\/wp\/v2\/users\/2"}],"replies":[{"embeddable":true,"href":"https:\/\/maxradio923.com.ar\/index.php\/wp-json\/wp\/v2\/comments?post=17141"}],"version-history":[{"count":0,"href":"https:\/\/maxradio923.com.ar\/index.php\/wp-json\/wp\/v2\/posts\/17141\/revisions"}],"wp:featuredmedia":[{"embeddable":true,"href":"https:\/\/maxradio923.com.ar\/index.php\/wp-json\/wp\/v2\/media\/17142"}],"wp:attachment":[{"href":"https:\/\/maxradio923.com.ar\/index.php\/wp-json\/wp\/v2\/media?parent=17141"}],"wp:term":[{"taxonomy":"category","embeddable":true,"href":"https:\/\/maxradio923.com.ar\/index.php\/wp-json\/wp\/v2\/categories?post=17141"},{"taxonomy":"post_tag","embeddable":true,"href":"https:\/\/maxradio923.com.ar\/index.php\/wp-json\/wp\/v2\/tags?post=17141"}],"curies":[{"name":"wp","href":"https:\/\/api.w.org\/{rel}","templated":true}]}}