{"id":1714,"date":"2023-09-04T15:54:27","date_gmt":"2023-09-04T13:54:27","guid":{"rendered":"https:\/\/maxradio923.com\/index.php\/2023\/09\/04\/margarita-barrientos-respaldo-la-candidatura-de-patricia-bullrich-ojala-sea-presidenta\/"},"modified":"2023-09-04T22:14:31","modified_gmt":"2023-09-04T20:14:31","slug":"margarita-barrientos-respaldo-la-candidatura-de-patricia-bullrich-ojala-sea-presidenta","status":"publish","type":"post","link":"https:\/\/maxradio923.com.ar\/index.php\/2023\/09\/04\/margarita-barrientos-respaldo-la-candidatura-de-patricia-bullrich-ojala-sea-presidenta\/","title":{"rendered":"Margarita Barrientos respald\u00f3 la candidatura de Patricia Bullrich: \u201cOjal\u00e1 sea presidenta\u201d"},"content":{"rendered":"<p><img decoding=\"async\" src=\"https:\/\/diariod3.com\/inicio\/wp-content\/uploads\/2023\/09\/XYEIDGEQOBGXFDF6RK33CS4LDI.jpg\"\/><\/p>\n<p>La dirigente social Margarita Barrientos expres\u00f3 este domingo su respaldo a la candidatura presidencial de Patricia Bullrich. Adem\u00e1s sentenci\u00f3 que el actual \u201ces el peor gobierno\u201d que le toc\u00f3 vivir, y opin\u00f3 sobre la performance electoral de Javier Milei en las PASO.<\/p>\n<p>Lejos de cualquier duda, \u2013 y ante un panorama electoral incierto, que a la vez se mantiene con mucha paridad luego de las Primarias (La Libertad Avanza: 29.86%; Juntos por el Cambio: 28% y Uni\u00f3n por la Patria: 27,28%) \u2013 Barrientos explic\u00f3 por qu\u00e9 se manifiesta por la l\u00edder del PRO. \u201cCon Patricia se trabajar\u00eda porque conoce lo que es el trabajo, no solamente social, sino la seguridad. Conoce lo que es la villa porque ha trabajado adentro de ellas y creo que ser\u00eda una muy buena presidenta, apoyo y apunto mucho a eso\u201d, dijo Barrientos en di\u00e1logo con el programa Actualidad Pol\u00edtica TV por Canal Metro.<\/p>\n<p>La fundadora del comedor Los Piletones tambi\u00e9n manifest\u00f3 su preocupaci\u00f3n por la inseguridad que hoy en d\u00eda se vive en Argentina y por qu\u00e9 este es uno de los aspectos en los que Bullrich podr\u00eda cambiar al pa\u00eds: \u201cLo que hoy necesitamos es estar y caminar tranquilos, llevar a nuestros hijos, nuestros nietos a la plaza, que los pap\u00e1s no tengan que estar vigilando para abrir la puerta de la casa. Estamos viviendo un momento muy dif\u00edcil en la parte social y en la parte de seguridad, muy dif\u00edcil\u201d.<\/p>\n<p><img decoding=\"async\" src=\"https:\/\/www.infobae.com\/new-resizer\/TOCR10ovVpfMoYd0Jis1M1TY9PE=\/arc-anglerfish-arc2-prod-infobae\/public\/5DJUNMYE35C65ARN2ZLEAFJAH4.jpg\" alt=\"Margarita Barrientos, fundadora del comedor Los Piletones (Gustavo Gavotti)\"\/>Margarita Barrientos, fundadora del comedor Los Piletones (Gustavo Gavotti)<\/p>\n<p>La referente social y la actual candidata a presidenta se conocieron al trabajar juntas, cuando Bullrich se desempe\u00f1aba como ministra de Seguridad en el gobierno de Mauricio Macri. \u201cHa hecho un muy buen trabajo y conf\u00edo mucho en ella y ojal\u00e1 que as\u00ed sea porque, sin despreciar a Milei, ni hablar Massa tampoco, pero s\u00ed, con \u00e9l es como estar viviendo lo que estamos viviendo hoy, \u00bfno?\u201d, agreg\u00f3.<\/p>\n<p>Te puede interesar:Elecciones 2023, en vivo: Axel Kicillof se reuni\u00f3 con Juan Grabois para unificar estrategias de cara a las generales<\/p>\n<p>En ese sentido, Barrientos tambi\u00e9n opin\u00f3 sobre Javier Milei, el candidato que sorprendi\u00f3 en las PASO, y explic\u00f3 por qu\u00e9 no lo considera una opci\u00f3n viable: \u201cHa hecho muy buena campa\u00f1a, pero, \u00bfquiere que le diga la verdad? No lo veo como presidente\u201d.<\/p>\n<p>Sobre sus cr\u00edticas al Gobierno y de cara al futuro, sostuvo: \u201cLo \u00fanico que yo pido, como siempre le dije en otras oportunidades, es no tener que sufrir cuatro a\u00f1os como lo venimos sufriendo nosotros. No tenemos que sufrir estas divisiones como me ha hecho a m\u00ed Desarrollo Social en mandarme comida en mal estado, el andar escribiendo y nunca tener una respuesta. Eso me doli\u00f3 mucho porque he trabajado sola y sin una persona pol\u00edtica que nos ayudara cuando tienen la obligaci\u00f3n de hacerlo, porque a la gente yo no les miento. Yo a la gente le digo la verdad. Y yo no puedo prometerles lo que no voy a cumplir\u201d.<\/p>\n<p><img decoding=\"async\" src=\"https:\/\/www.infobae.com\/new-resizer\/FhO_IK89z5gBLKApmxLf_sNxx9g=\/arc-anglerfish-arc2-prod-infobae\/public\/QDMF62MXWNHUDB266JKKGEWG6M.jpg\" alt=\"La candidata presidencial Patricia Bullrich, de la principal coalici\u00f3n opositora, Juntos por el Cambio (centroderecha), en una fotograf\u00eda de archivo. EFE\/Juan Ignacio Roncoroni\n\"\/>La candidata presidencial Patricia Bullrich, de la principal coalici\u00f3n opositora, Juntos por el Cambio (centroderecha), en una fotograf\u00eda de archivo. EFE\/Juan Ignacio Roncoroni<\/p>\n<p>Ese mismo panorama se traslada a distintos puntos del pa\u00eds, ya que no son pocos los movimientos sociales oficialistas que reclaman m\u00e1s alimentos. Un relevamiento realizado por organizaciones mostr\u00f3 que incluso las familias que tienen trabajo deben hacer la cola para llevarse las viandas porque no les alcanza para alimentar a sus hijos o a ellos mismos.<\/p>\n<p>En ese sentido, Barrientos cont\u00f3 c\u00f3mo vive este fen\u00f3meno en carne propia: \u201cLa situaci\u00f3n hoy ha empeorado much\u00edsimo. Tanto la parte econ\u00f3mica, que es la parte fundamental de la situaci\u00f3n de las familias. El que tiene trabajo por ah\u00ed trabaja el esposo solamente y no alcanza. Concurren a los comedores, nos vienen a pedir todos los d\u00edas. Nosotros le d\u00e1bamos de comer a 2500 personas y hoy damos de comer a m\u00e1s de 3000. No solamente contamos con Los Piletones, tambi\u00e9n tenemos un comedor en Ca\u00f1uelas donde se da de comer a 300 personas todos los d\u00edas y donde hay otros barrios que nos piden que nosotros vayamos a trabajar, que vayamos a poner comedor\u201d.<\/p>\n<p>Por \u00faltimo, la referente social tambi\u00e9n apunt\u00f3 contra la crisis econ\u00f3mica, la principal causante de la desaparici\u00f3n de la clase media: \u201cOjal\u00e1 que en alg\u00fan momento se termine con la pobreza, pero va a ser un poco imposible, no?. Porque cada vez se suma m\u00e1s gente con mucha, mucha necesidad. Y la pobreza, que es la que golpea a las puertas todos los d\u00edas. Antes exist\u00eda la clase media. Hoy ya no existe m\u00e1s la clase media\u201d, concluy\u00f3.<\/p>\n<p><strong>FUENTE: INFOBAE<\/strong><\/p>\n<p><strong>OPERADOR: ANA PAULA CARRASCO<\/strong><\/p>\n<p>La entrada <a href=\"https:\/\/diariod3.com\/inicio\/margarita-barrientos-respaldo-la-candidatura-de-patricia-bullrich-ojala-sea-presidenta\/\" rel=\"noreferrer noopener\" target=\"_blank\">Margarita Barrientos respald\u00f3 la candidatura de Patricia Bullrich: \u201cOjal\u00e1 sea presidenta\u201d<\/a> se public\u00f3 primero en <a href=\"https:\/\/diariod3.com\/inicio\" rel=\"noreferrer noopener\" target=\"_blank\">DIARIO D3 NOTICIAS<\/a>.<\/p>\n","protected":false},"excerpt":{"rendered":"<p>La dirigente social Margarita Barrientos expres\u00f3 este domingo su respaldo a la candidatura presidencial de Patricia Bullrich. Adem\u00e1s sentenci\u00f3 que el actual \u201ces el peor gobierno\u201d que le toc\u00f3 vivir, y opin\u00f3 sobre la performance electoral de Javier Milei en las PASO. Lejos de cualquier duda, \u2013 y ante un panorama electoral incierto, que a [&hellip;]<\/p>\n","protected":false},"author":2,"featured_media":1783,"comment_status":"closed","ping_status":"","sticky":false,"template":"","format":"standard","meta":{"footnotes":""},"categories":[12],"tags":[],"_links":{"self":[{"href":"https:\/\/maxradio923.com.ar\/index.php\/wp-json\/wp\/v2\/posts\/1714"}],"collection":[{"href":"https:\/\/maxradio923.com.ar\/index.php\/wp-json\/wp\/v2\/posts"}],"about":[{"href":"https:\/\/maxradio923.com.ar\/index.php\/wp-json\/wp\/v2\/types\/post"}],"author":[{"embeddable":true,"href":"https:\/\/maxradio923.com.ar\/index.php\/wp-json\/wp\/v2\/users\/2"}],"replies":[{"embeddable":true,"href":"https:\/\/maxradio923.com.ar\/index.php\/wp-json\/wp\/v2\/comments?post=1714"}],"version-history":[{"count":0,"href":"https:\/\/maxradio923.com.ar\/index.php\/wp-json\/wp\/v2\/posts\/1714\/revisions"}],"wp:featuredmedia":[{"embeddable":true,"href":"https:\/\/maxradio923.com.ar\/index.php\/wp-json\/wp\/v2\/media\/1783"}],"wp:attachment":[{"href":"https:\/\/maxradio923.com.ar\/index.php\/wp-json\/wp\/v2\/media?parent=1714"}],"wp:term":[{"taxonomy":"category","embeddable":true,"href":"https:\/\/maxradio923.com.ar\/index.php\/wp-json\/wp\/v2\/categories?post=1714"},{"taxonomy":"post_tag","embeddable":true,"href":"https:\/\/maxradio923.com.ar\/index.php\/wp-json\/wp\/v2\/tags?post=1714"}],"curies":[{"name":"wp","href":"https:\/\/api.w.org\/{rel}","templated":true}]}}