{"id":17131,"date":"2024-02-03T13:21:08","date_gmt":"2024-02-03T16:21:08","guid":{"rendered":"https:\/\/maxradio923.com.ar\/index.php\/2024\/02\/03\/fuego-sin-control-en-chile-al-menos-19-muertos-por-incendios-y-toque-de-queda-en-vina-del-mar-y-otras-ciudades-turisticas\/"},"modified":"2024-02-03T13:21:08","modified_gmt":"2024-02-03T16:21:08","slug":"fuego-sin-control-en-chile-al-menos-19-muertos-por-incendios-y-toque-de-queda-en-vina-del-mar-y-otras-ciudades-turisticas","status":"publish","type":"post","link":"https:\/\/maxradio923.com.ar\/index.php\/2024\/02\/03\/fuego-sin-control-en-chile-al-menos-19-muertos-por-incendios-y-toque-de-queda-en-vina-del-mar-y-otras-ciudades-turisticas\/","title":{"rendered":"Fuego sin control en Chile: al menos 19 muertos por incendios y toque de queda en Vi\u00f1a del Mar y otras ciudades tur\u00edsticas"},"content":{"rendered":"<p><img decoding=\"async\" alt=\"Viviendas destruidas en Quilpe, Vi\u00f1a del Mar. Foto: AFP\" src=\"https:\/\/www.clarin.com\/img\/2024\/02\/03\/g_Ckqe2Kh_720x0__1.jpg\"\/>Viviendas destruidas en Quilpe, Vi\u00f1a del Mar. Foto: AFP<img decoding=\"async\" alt=\"Un cuerpo cubierto yace en la calle luego de un incendio que afect\u00f3 los cerros de Vi\u00f1a del Mar. Foto: AFP\" src=\"https:\/\/www.clarin.com\/img\/2024\/02\/03\/bf579BT9A_720x0__1.jpg\"\/>Un cuerpo cubierto yace en la calle luego de un incendio que afect\u00f3 los cerros de Vi\u00f1a del Mar. Foto: AFP<img decoding=\"async\" alt=\"Viviendas destruidas en Quilpe, Vi\u00f1a del Mar. Foto: AFP\" src=\"https:\/\/www.clarin.com\/img\/2024\/02\/03\/wAL1OTJYH_720x0__1.jpg\"\/>Viviendas destruidas en Quilpe, Vi\u00f1a del Mar. Foto: AFP<img decoding=\"async\" alt=\"Una imagen a\u00e9rea de los cerros de Vi\u00f1a del Mar. Foto: AFP\" src=\"https:\/\/www.clarin.com\/img\/2024\/02\/03\/s_zc64LVH_720x0__1.jpg\"\/>Una imagen a\u00e9rea de los cerros de Vi\u00f1a del Mar. Foto: AFP<img decoding=\"async\" alt=\"Un auto completamente quemado en la comuna de Quilpe, Vi\u00f1a del Mar. Foto: AFP\" src=\"https:\/\/www.clarin.com\/img\/2024\/02\/03\/GTXLGdhQI_720x0__1.jpg\"\/>Un auto completamente quemado en la comuna de Quilpe, Vi\u00f1a del Mar. Foto: AFP<img decoding=\"async\" alt=\"El presidente Gabriel Boric sobrevolando la zona de los incendios en Vi\u00f1a del Mar. Foto: EFE \" src=\"https:\/\/www.clarin.com\/img\/2024\/02\/03\/9fYvT-I2M_720x0__1.jpg\"\/>El presidente Gabriel Boric sobrevolando la zona de los incendios en Vi\u00f1a del Mar. Foto: EFE<\/p>\n","protected":false},"excerpt":{"rendered":"<p>Viviendas destruidas en Quilpe, Vi\u00f1a del Mar. Foto: AFPUn cuerpo cubierto yace en la calle luego de un incendio que afect\u00f3 los cerros de Vi\u00f1a del Mar. Foto: AFPViviendas destruidas en Quilpe, Vi\u00f1a del Mar. Foto: AFPUna imagen a\u00e9rea de los cerros de Vi\u00f1a del Mar. Foto: AFPUn auto completamente quemado en la comuna de Quilpe, Vi\u00f1a del Mar. Foto: AFPEl presidente Gabriel Boric sobrevolando la zona de los incendios en Vi\u00f1a del Mar. Foto: EFE<\/p>\n","protected":false},"author":2,"featured_media":17132,"comment_status":"","ping_status":"","sticky":false,"template":"","format":"standard","meta":{"footnotes":""},"categories":[3],"tags":[],"_links":{"self":[{"href":"https:\/\/maxradio923.com.ar\/index.php\/wp-json\/wp\/v2\/posts\/17131"}],"collection":[{"href":"https:\/\/maxradio923.com.ar\/index.php\/wp-json\/wp\/v2\/posts"}],"about":[{"href":"https:\/\/maxradio923.com.ar\/index.php\/wp-json\/wp\/v2\/types\/post"}],"author":[{"embeddable":true,"href":"https:\/\/maxradio923.com.ar\/index.php\/wp-json\/wp\/v2\/users\/2"}],"replies":[{"embeddable":true,"href":"https:\/\/maxradio923.com.ar\/index.php\/wp-json\/wp\/v2\/comments?post=17131"}],"version-history":[{"count":0,"href":"https:\/\/maxradio923.com.ar\/index.php\/wp-json\/wp\/v2\/posts\/17131\/revisions"}],"wp:featuredmedia":[{"embeddable":true,"href":"https:\/\/maxradio923.com.ar\/index.php\/wp-json\/wp\/v2\/media\/17132"}],"wp:attachment":[{"href":"https:\/\/maxradio923.com.ar\/index.php\/wp-json\/wp\/v2\/media?parent=17131"}],"wp:term":[{"taxonomy":"category","embeddable":true,"href":"https:\/\/maxradio923.com.ar\/index.php\/wp-json\/wp\/v2\/categories?post=17131"},{"taxonomy":"post_tag","embeddable":true,"href":"https:\/\/maxradio923.com.ar\/index.php\/wp-json\/wp\/v2\/tags?post=17131"}],"curies":[{"name":"wp","href":"https:\/\/api.w.org\/{rel}","templated":true}]}}